{"id":10310,"date":"2024-04-05T18:33:13","date_gmt":"2024-04-05T18:33:13","guid":{"rendered":"https:\/\/www.inan.gov.py\/site\/?p=10310"},"modified":"2024-12-26T12:55:33","modified_gmt":"2024-12-26T12:55:33","slug":"la-lic-elsi-ovelar-asume-como-nueva-directora-general-del-inan","status":"publish","type":"post","link":"https:\/\/www.inan.gov.py\/site\/?p=10310","title":{"rendered":"La Lic. Elsi Ovelar asume como nueva Directora General del INAN"},"content":{"rendered":"<div class=\"x11i5rnm xat24cr x1mh8g0r x1vvkbs xtlvy1s x126k92a\">\n<div dir=\"auto\" style=\"text-align: left;\"><img loading=\"lazy\" decoding=\"async\" class=\"size-full wp-image-10314 aligncenter\" src=\"https:\/\/www.inan.gov.py\/site\/wp-content\/uploads\/2024\/04\/toma-elsi-1.jpg\" alt=\"\" width=\"833\" height=\"435\" srcset=\"https:\/\/www.inan.gov.py\/site\/wp-content\/uploads\/2024\/04\/toma-elsi-1.jpg 833w, https:\/\/www.inan.gov.py\/site\/wp-content\/uploads\/2024\/04\/toma-elsi-1-300x157.jpg 300w, https:\/\/www.inan.gov.py\/site\/wp-content\/uploads\/2024\/04\/toma-elsi-1-768x401.jpg 768w\" sizes=\"auto, (max-width: 833px) 100vw, 833px\" \/><\/div>\n<div dir=\"auto\"><span style=\"color: #ffffff;\">La <strong>Ministra de Salud Dra. Mar\u00eda Teresa Bar\u00e1n<\/strong>, design\u00f3 a la <strong>Lic. Elsi Carolina Ovelar Fern\u00e1ndez<\/strong> como nueva<\/span><\/div>\n<div dir=\"auto\" style=\"text-align: left;\">La <strong>Ministra de Salud Dra. Mar\u00eda Teresa Bar\u00e1n<\/strong>, design\u00f3 a la <strong>Lic. Elsi Carolina Ovelar Fern\u00e1ndez<\/strong> como nueva directora general del<strong> Instituto Nacional de Alimentaci\u00f3n y Nutrici\u00f3n-INAN<\/strong>, mediante la <strong>Resoluci\u00f3n DGRRHH. N\u00b01133<\/strong>, en reemplaz\u00f3 de la <strong>Lic. Patricia Ramona Echeverr\u00eda Mart\u00ednez.<\/strong><\/div>\n<div dir=\"auto\" style=\"text-align: left;\">La<strong> Lic. Elsi Ovelar<\/strong> cuenta con una destacada trayectoria en la Instituci\u00f3n, la misma se desempe\u00f1o como directora general del INAN, en dos periodos anteriores.<\/div>\n<\/div>\n<p><!--more--><\/p>\n<div class=\"x11i5rnm xat24cr x1mh8g0r x1vvkbs xtlvy1s x126k92a\">\n<div dir=\"auto\">El acto de entrega de resoluci\u00f3n se realiz\u00f3 el d\u00eda de hoy 05 de abril del 2024 en el <strong>MSPBS<\/strong>, a cargo de la ministra <strong>Dra. Mar\u00eda Teresa Bar\u00e1n<\/strong>, con la presencia del <strong>viceministro Dr. Angel Jos\u00e9 Ortellado<\/strong>, durante la entrega la titular de la cartera sanitaria, pidi\u00f3 a la <strong>Lic. Elsi Ovelar<\/strong> trabajar de manera coordinada con otras instituciones.<\/div>\n<\/div>\n<div dir=\"auto\" style=\"text-align: center;\"><span style=\"color: #ffffff;\">La <strong>Ministra de Salud Dra. Mar\u00eda Teresa Bar\u00e1n<\/strong>, design\u00f3 a la <strong>Lic. Elsi Carolina Ovelar Fern\u00e1ndez<\/strong> como nueva<\/span><\/div>\n<div dir=\"auto\"><img loading=\"lazy\" decoding=\"async\" class=\"size-full wp-image-10315 aligncenter\" src=\"https:\/\/www.inan.gov.py\/site\/wp-content\/uploads\/2024\/04\/toma-elsi-2.jpg\" alt=\"\" width=\"833\" height=\"274\" srcset=\"https:\/\/www.inan.gov.py\/site\/wp-content\/uploads\/2024\/04\/toma-elsi-2.jpg 833w, https:\/\/www.inan.gov.py\/site\/wp-content\/uploads\/2024\/04\/toma-elsi-2-300x99.jpg 300w, https:\/\/www.inan.gov.py\/site\/wp-content\/uploads\/2024\/04\/toma-elsi-2-768x253.jpg 768w\" sizes=\"auto, (max-width: 833px) 100vw, 833px\" \/><\/div>\n<div dir=\"auto\"><span style=\"color: #ffffff;\">La <strong>Ministra de Salud Dra. Mar\u00eda Teresa Bar\u00e1n<\/strong>, design\u00f3 a la <strong>Lic. Elsi Carolina Ovelar Fern\u00e1ndez<\/strong> como nueva<\/span><\/div>\n<div class=\"x11i5rnm xat24cr x1mh8g0r x1vvkbs xtlvy1s x126k92a\">\n<div dir=\"auto\">El acto de lectura de la resoluci\u00f3n se llev\u00f3 a cabo en el sal\u00f3n auditorio del INAN, en la ocasi\u00f3n, la nueva directora general, expres\u00f3 su compromiso de trabajar con empe\u00f1o para lograr los objetivos y desaf\u00edos institucionales trazados por el gobierno. As\u00ed mismo se ley\u00f3 la <strong>Resoluci\u00f3n de DGRRHH N\u00ba 1134<\/strong>, en la cual se designa al <strong>Lic. Edgar Alfredo Echague Bogar\u00edn<\/strong>, como <strong>director<\/strong> de la <strong>Direcci\u00f3n Administrativa<\/strong>, en reemplazo del <strong>Econ. Miguel Angel Barrios Marsa<\/strong>.<\/div>\n<div dir=\"auto\"><span style=\"color: #ffffff;\">La <strong>Ministra de Salud Dra. Mar\u00eda Teresa Bar\u00e1n<\/strong>, design\u00f3 a la <strong>Lic. Elsi Carolina Ovelar Fern\u00e1ndez<\/strong> como nueva<\/span><\/div>\n<\/div>\n<div dir=\"auto\" style=\"text-align: center;\"><img loading=\"lazy\" decoding=\"async\" class=\"size-full wp-image-10316 aligncenter\" src=\"https:\/\/www.inan.gov.py\/site\/wp-content\/uploads\/2024\/04\/toma-elsi-3.jpg\" alt=\"\" width=\"833\" height=\"272\" srcset=\"https:\/\/www.inan.gov.py\/site\/wp-content\/uploads\/2024\/04\/toma-elsi-3.jpg 833w, https:\/\/www.inan.gov.py\/site\/wp-content\/uploads\/2024\/04\/toma-elsi-3-300x98.jpg 300w, https:\/\/www.inan.gov.py\/site\/wp-content\/uploads\/2024\/04\/toma-elsi-3-768x251.jpg 768w\" sizes=\"auto, (max-width: 833px) 100vw, 833px\" \/><\/div>\n<div dir=\"auto\"><span style=\"color: #ffffff;\">La <strong>Ministra de Salud Dra. Mar\u00eda Teresa Bar\u00e1n<\/strong>, design\u00f3 a la <strong>Lic. Elsi Carolina Ovelar Fern\u00e1ndez<\/strong> como nueva<\/span><\/div>\n<div class=\"x11i5rnm xat24cr x1mh8g0r x1vvkbs xtlvy1s x126k92a\">\n<div dir=\"auto\">El acto de lectura cont\u00f3 con la presencia de todos los funcionarios de la Instituci\u00f3n, as\u00ed como tambi\u00e9n cont\u00f3 con la presencia de la <strong>Directora del INTN Ing. Lira Rossana Gim\u00e9nez<\/strong> y equipo, quien aprovech\u00f3 la ocasi\u00f3n para brindar unas palabras de apoyo a la nueva directora, mencionando la importancia del trabajo coordinado entre ambas institucionales.<\/div>\n<\/div>\n","protected":false},"excerpt":{"rendered":"<p>La Ministra de Salud Dra. Mar\u00eda Teresa Bar\u00e1n, design\u00f3 a la Lic. Elsi Carolina Ovelar Fern\u00e1ndez como nueva La Ministra de Salud Dra. Mar\u00eda Teresa Bar\u00e1n, design\u00f3 a la Lic. Elsi Carolina Ovelar Fern\u00e1ndez como nueva directora general del Instituto Nacional de Alimentaci\u00f3n y Nutrici\u00f3n-INAN, mediante la Resoluci\u00f3n DGRRHH. N\u00b01133, en reemplaz\u00f3 de la Lic. &hellip; <\/p>\n<p><a class=\"more-link btn\" href=\"https:\/\/www.inan.gov.py\/site\/?p=10310\">Seguir leyendo<\/a><\/p>\n","protected":false},"author":2,"featured_media":0,"comment_status":"closed","ping_status":"closed","sticky":false,"template":"","format":"standard","meta":{"footnotes":""},"categories":[4],"tags":[],"class_list":["post-10310","post","type-post","status-publish","format-standard","hentry","category-novedades","nodate","item-wrap"],"_links":{"self":[{"href":"https:\/\/www.inan.gov.py\/site\/index.php?rest_route=\/wp\/v2\/posts\/10310","targetHints":{"allow":["GET"]}}],"collection":[{"href":"https:\/\/www.inan.gov.py\/site\/index.php?rest_route=\/wp\/v2\/posts"}],"about":[{"href":"https:\/\/www.inan.gov.py\/site\/index.php?rest_route=\/wp\/v2\/types\/post"}],"author":[{"embeddable":true,"href":"https:\/\/www.inan.gov.py\/site\/index.php?rest_route=\/wp\/v2\/users\/2"}],"replies":[{"embeddable":true,"href":"https:\/\/www.inan.gov.py\/site\/index.php?rest_route=%2Fwp%2Fv2%2Fcomments&post=10310"}],"version-history":[{"count":10,"href":"https:\/\/www.inan.gov.py\/site\/index.php?rest_route=\/wp\/v2\/posts\/10310\/revisions"}],"predecessor-version":[{"id":10324,"href":"https:\/\/www.inan.gov.py\/site\/index.php?rest_route=\/wp\/v2\/posts\/10310\/revisions\/10324"}],"wp:attachment":[{"href":"https:\/\/www.inan.gov.py\/site\/index.php?rest_route=%2Fwp%2Fv2%2Fmedia&parent=10310"}],"wp:term":[{"taxonomy":"category","embeddable":true,"href":"https:\/\/www.inan.gov.py\/site\/index.php?rest_route=%2Fwp%2Fv2%2Fcategories&post=10310"},{"taxonomy":"post_tag","embeddable":true,"href":"https:\/\/www.inan.gov.py\/site\/index.php?rest_route=%2Fwp%2Fv2%2Ftags&post=10310"}],"curies":[{"name":"wp","href":"https:\/\/api.w.org\/{rel}","templated":true}]}}