{"id":1042,"date":"2018-04-18T16:57:16","date_gmt":"2018-04-18T16:57:16","guid":{"rendered":"http:\/\/www.inan.gov.py\/site\/?p=1042"},"modified":"2018-04-18T16:57:54","modified_gmt":"2018-04-18T16:57:54","slug":"acuerdo-de-cooperacion-fortalecimiento-de-gestion-institucional","status":"publish","type":"post","link":"https:\/\/www.inan.gov.py\/site\/?p=1042","title":{"rendered":"Acuerdo de Cooperaci\u00f3n Fortalecimiento de Gesti\u00f3n Institucional"},"content":{"rendered":"<div><img loading=\"lazy\" decoding=\"async\" class=\"alignnone size-full wp-image-1044 aligncenter\" src=\"http:\/\/www.inan.gov.py\/site\/wp-content\/uploads\/2018\/04\/convenio1.jpg\" alt=\"convenio1\" width=\"300\" height=\"166\" \/><\/div>\n<div>En el <strong>Sal\u00f3n Auditorio del Instituto Nacional de Alimentaci\u00f3n y Nutrici\u00f3n -INAN\u00a0<\/strong>se llev\u00f3 a cabo la Firma del Acuerdo Espec\u00edfico de Cooperaci\u00f3n para el <strong>Fortalecimiento de la Gesti\u00f3n Institucional y mejora de los procesos administrativos y de gesti\u00f3n<\/strong> entre el <strong>INAN<\/strong> y la <strong>C\u00e1mara Paraguaya de Bebidas Alcoh\u00f3licas (CAPABA),<\/strong> la <strong>C\u00e1mara Paraguaya de Supermercados (CAPASU)<\/strong>, el <strong>Centro de Importadores (CIP)<\/strong>, la <strong>C\u00e1mara de Empresas Paraguayas de Alimentaci\u00f3n (CEPALI),<\/strong> la <strong>C\u00e1mara de Proveedores (CAPRO)<\/strong>, y el se\u00f1or <strong>Juan Carreras,<\/strong> consultor contratado para la realizaci\u00f3n del proyecto interinstitucional.<\/div>\n<div><\/div>\n<div><img loading=\"lazy\" decoding=\"async\" class=\"alignnone size-full wp-image-1045\" src=\"http:\/\/www.inan.gov.py\/site\/wp-content\/uploads\/2018\/04\/convenio2.jpg\" alt=\"convenio2\" width=\"250\" height=\"167\" \/><img loading=\"lazy\" decoding=\"async\" class=\"alignnone size-full wp-image-1046\" src=\"http:\/\/www.inan.gov.py\/site\/wp-content\/uploads\/2018\/04\/convenio3.jpg\" alt=\"convenio3\" width=\"251\" height=\"167\" \/><\/div>\n<div><img loading=\"lazy\" decoding=\"async\" class=\"alignnone size-full wp-image-1047\" src=\"http:\/\/www.inan.gov.py\/site\/wp-content\/uploads\/2018\/04\/convenio4.jpg\" alt=\"convenio4\" width=\"250\" height=\"167\" \/>\u00a0<img loading=\"lazy\" decoding=\"async\" class=\"alignnone size-full wp-image-1048\" src=\"http:\/\/www.inan.gov.py\/site\/wp-content\/uploads\/2018\/04\/convenio5.jpg\" alt=\"convenio5\" width=\"251\" height=\"167\" \/><\/div>\n<div><\/div>\n<div>Estuvieron presentes en la ceremonia la <strong>Lic. Elsi Carolina Ovelar Fern\u00e1ndez<\/strong> (Directora general del INAN), as\u00ed como representantes de los gremios presentes en el acto.<\/div>\n<div><\/div>\n<div><img loading=\"lazy\" decoding=\"async\" class=\"alignnone size-full wp-image-1049\" src=\"http:\/\/www.inan.gov.py\/site\/wp-content\/uploads\/2018\/04\/convenio6.jpg\" alt=\"convenio6\" width=\"251\" height=\"167\" \/>\u00a0<img loading=\"lazy\" decoding=\"async\" class=\"alignnone size-full wp-image-1050\" src=\"http:\/\/www.inan.gov.py\/site\/wp-content\/uploads\/2018\/04\/convenio7.jpg\" alt=\"convenio7\" width=\"251\" height=\"167\" \/><\/div>\n<div><img loading=\"lazy\" decoding=\"async\" class=\"alignnone size-full wp-image-1051\" src=\"http:\/\/www.inan.gov.py\/site\/wp-content\/uploads\/2018\/04\/convenio8.jpg\" alt=\"convenio8\" width=\"251\" height=\"167\" \/>\u00a0<img loading=\"lazy\" decoding=\"async\" class=\"alignnone size-full wp-image-1052\" src=\"http:\/\/www.inan.gov.py\/site\/wp-content\/uploads\/2018\/04\/convenio9.jpg\" alt=\"convenio9\" width=\"251\" height=\"167\" \/><\/div>\n<div><\/div>\n<div>La firma del convenio consolida la colaboraci\u00f3n entre el sector privado y p\u00fablico, en el \u00e1mbito de la alimentaci\u00f3n para el afianzamiento de las gestiones y procesos que promuevan y fortalezcan la formalidad y desarrollo del sector.<\/div>\n","protected":false},"excerpt":{"rendered":"<p>En el Sal\u00f3n Auditorio del Instituto Nacional de Alimentaci\u00f3n y Nutrici\u00f3n -INAN\u00a0se llev\u00f3 a cabo la Firma del Acuerdo Espec\u00edfico de Cooperaci\u00f3n para el Fortalecimiento de la Gesti\u00f3n Institucional y mejora de los procesos administrativos y de gesti\u00f3n entre el INAN y la C\u00e1mara Paraguaya de Bebidas Alcoh\u00f3licas (CAPABA), la C\u00e1mara Paraguaya de Supermercados (CAPASU), &hellip; <\/p>\n<p><a class=\"more-link btn\" href=\"https:\/\/www.inan.gov.py\/site\/?p=1042\">Seguir leyendo<\/a><\/p>\n","protected":false},"author":2,"featured_media":0,"comment_status":"closed","ping_status":"closed","sticky":false,"template":"","format":"standard","meta":{"footnotes":""},"categories":[4],"tags":[],"class_list":["post-1042","post","type-post","status-publish","format-standard","hentry","category-novedades","nodate","item-wrap"],"_links":{"self":[{"href":"https:\/\/www.inan.gov.py\/site\/index.php?rest_route=\/wp\/v2\/posts\/1042","targetHints":{"allow":["GET"]}}],"collection":[{"href":"https:\/\/www.inan.gov.py\/site\/index.php?rest_route=\/wp\/v2\/posts"}],"about":[{"href":"https:\/\/www.inan.gov.py\/site\/index.php?rest_route=\/wp\/v2\/types\/post"}],"author":[{"embeddable":true,"href":"https:\/\/www.inan.gov.py\/site\/index.php?rest_route=\/wp\/v2\/users\/2"}],"replies":[{"embeddable":true,"href":"https:\/\/www.inan.gov.py\/site\/index.php?rest_route=%2Fwp%2Fv2%2Fcomments&post=1042"}],"version-history":[{"count":1,"href":"https:\/\/www.inan.gov.py\/site\/index.php?rest_route=\/wp\/v2\/posts\/1042\/revisions"}],"predecessor-version":[{"id":1053,"href":"https:\/\/www.inan.gov.py\/site\/index.php?rest_route=\/wp\/v2\/posts\/1042\/revisions\/1053"}],"wp:attachment":[{"href":"https:\/\/www.inan.gov.py\/site\/index.php?rest_route=%2Fwp%2Fv2%2Fmedia&parent=1042"}],"wp:term":[{"taxonomy":"category","embeddable":true,"href":"https:\/\/www.inan.gov.py\/site\/index.php?rest_route=%2Fwp%2Fv2%2Fcategories&post=1042"},{"taxonomy":"post_tag","embeddable":true,"href":"https:\/\/www.inan.gov.py\/site\/index.php?rest_route=%2Fwp%2Fv2%2Ftags&post=1042"}],"curies":[{"name":"wp","href":"https:\/\/api.w.org\/{rel}","templated":true}]}}