{"id":10571,"date":"2024-05-29T12:32:02","date_gmt":"2024-05-29T12:32:02","guid":{"rendered":"https:\/\/www.inan.gov.py\/site\/?p=10571"},"modified":"2024-12-26T12:58:52","modified_gmt":"2024-12-26T12:58:52","slug":"implementacion-de-la-mesa-de-proteccion-social-en-el-distrito-de-ytakyry-alto-parana","status":"publish","type":"post","link":"https:\/\/www.inan.gov.py\/site\/?p=10571","title":{"rendered":"Implementaci\u00f3n de la Mesa de Protecci\u00f3n Social en el distrito de Ytakyry, Alto Paran\u00e1"},"content":{"rendered":"<p style=\"text-align: center;\"><img loading=\"lazy\" decoding=\"async\" class=\"alignnone size-full wp-image-10574\" src=\"https:\/\/www.inan.gov.py\/site\/wp-content\/uploads\/2024\/05\/proteccion-1.jpg\" alt=\"\" width=\"614\" height=\"307\" srcset=\"https:\/\/www.inan.gov.py\/site\/wp-content\/uploads\/2024\/05\/proteccion-1.jpg 614w, https:\/\/www.inan.gov.py\/site\/wp-content\/uploads\/2024\/05\/proteccion-1-300x150.jpg 300w\" sizes=\"auto, (max-width: 614px) 100vw, 614px\" \/><\/p>\n<p>La <strong>Mesa de Protecci\u00f3n Social<\/strong> qued\u00f3 instalada en el distrito de <strong>Ytakyry<\/strong> en el departamento de <strong>Alto Paran\u00e1<\/strong>, el encuentro estuvo encabezado por el Intendente Municipal y cont\u00f3 con la participaci\u00f3n de representantes del <strong>Ministerio de Desarrollo Social, Coordinador del Sistema de Protecci\u00f3n Social,<\/strong> diputadas departamentales, as\u00ed como representantes de las <strong>28 instituciones<\/strong> que forman parte del <strong>Gabinete Social.<\/strong><!--more--><\/p>\n<p>El <strong>Ministerio de Salud P\u00fablica<\/strong> estuvo representado por el <strong>Dr. Gustavo Ortiz<\/strong>, director general de <strong>Planificaci\u00f3n y Evaluaci\u00f3n<\/strong> y equipo t\u00e9cnico, la <strong>Dra. Noelia Torres<\/strong>, directora regional de Alto Paran\u00e1, y la <strong>Lic. Elsi Ovelar<\/strong>, directora general del <strong>INAN<\/strong> y equipo conformado por el <strong>Director Administrativo Lic. Edgar Echag\u00fce<\/strong> y el <strong>Director de Nutrici\u00f3n y Programas Alimentarios Lic. Fernando Romero.<\/strong><\/p>\n<p style=\"text-align: center;\"><img loading=\"lazy\" decoding=\"async\" class=\"alignnone wp-image-10575\" src=\"https:\/\/www.inan.gov.py\/site\/wp-content\/uploads\/2024\/05\/proteccion-2-1024x872.jpg\" alt=\"\" width=\"470\" height=\"400\" srcset=\"https:\/\/www.inan.gov.py\/site\/wp-content\/uploads\/2024\/05\/proteccion-2-1024x872.jpg 1024w, https:\/\/www.inan.gov.py\/site\/wp-content\/uploads\/2024\/05\/proteccion-2-300x256.jpg 300w, https:\/\/www.inan.gov.py\/site\/wp-content\/uploads\/2024\/05\/proteccion-2-768x654.jpg 768w, https:\/\/www.inan.gov.py\/site\/wp-content\/uploads\/2024\/05\/proteccion-2-750x639.jpg 750w, https:\/\/www.inan.gov.py\/site\/wp-content\/uploads\/2024\/05\/proteccion-2.jpg 1268w\" sizes=\"auto, (max-width: 470px) 100vw, 470px\" \/><\/p>\n<p>Acompa\u00f1aron tambi\u00e9n el <strong>Director general del SENEPA<\/strong>, t\u00e9cnicos de la <strong>Direcci\u00f3n General de Programas<\/strong> y directores de servicios de salud del municipio.<\/p>\n<p>El <strong>Sistema de Protecci\u00f3n Social<\/strong> se consolida en un plan de trabajo producto de la detecci\u00f3n de necesidades surgidas en las mesas, que hasta la fecha se ha avanzado en 20 de los 22 distritos priorizados de 7 departamentos del pa\u00eds. El Ministerio de Salud cuenta con <strong>7 Unidades de Salud de la Familia (USF)<\/strong> en el distrito y en cumplimiento de los objetivos de la Mesa de Protecci\u00f3n Social se estar\u00e1 dando respuesta articulada a los requerimientos.<\/p>\n","protected":false},"excerpt":{"rendered":"<p>La Mesa de Protecci\u00f3n Social qued\u00f3 instalada en el distrito de Ytakyry en el departamento de Alto Paran\u00e1, el encuentro estuvo encabezado por el Intendente Municipal y cont\u00f3 con la participaci\u00f3n de representantes del Ministerio de Desarrollo Social, Coordinador del Sistema de Protecci\u00f3n Social, diputadas departamentales, as\u00ed como representantes de las 28 instituciones que forman &hellip; <\/p>\n<p><a class=\"more-link btn\" href=\"https:\/\/www.inan.gov.py\/site\/?p=10571\">Seguir leyendo<\/a><\/p>\n","protected":false},"author":2,"featured_media":0,"comment_status":"closed","ping_status":"closed","sticky":false,"template":"","format":"standard","meta":{"footnotes":""},"categories":[4],"tags":[],"class_list":["post-10571","post","type-post","status-publish","format-standard","hentry","category-novedades","nodate","item-wrap"],"_links":{"self":[{"href":"https:\/\/www.inan.gov.py\/site\/index.php?rest_route=\/wp\/v2\/posts\/10571","targetHints":{"allow":["GET"]}}],"collection":[{"href":"https:\/\/www.inan.gov.py\/site\/index.php?rest_route=\/wp\/v2\/posts"}],"about":[{"href":"https:\/\/www.inan.gov.py\/site\/index.php?rest_route=\/wp\/v2\/types\/post"}],"author":[{"embeddable":true,"href":"https:\/\/www.inan.gov.py\/site\/index.php?rest_route=\/wp\/v2\/users\/2"}],"replies":[{"embeddable":true,"href":"https:\/\/www.inan.gov.py\/site\/index.php?rest_route=%2Fwp%2Fv2%2Fcomments&post=10571"}],"version-history":[{"count":2,"href":"https:\/\/www.inan.gov.py\/site\/index.php?rest_route=\/wp\/v2\/posts\/10571\/revisions"}],"predecessor-version":[{"id":10576,"href":"https:\/\/www.inan.gov.py\/site\/index.php?rest_route=\/wp\/v2\/posts\/10571\/revisions\/10576"}],"wp:attachment":[{"href":"https:\/\/www.inan.gov.py\/site\/index.php?rest_route=%2Fwp%2Fv2%2Fmedia&parent=10571"}],"wp:term":[{"taxonomy":"category","embeddable":true,"href":"https:\/\/www.inan.gov.py\/site\/index.php?rest_route=%2Fwp%2Fv2%2Fcategories&post=10571"},{"taxonomy":"post_tag","embeddable":true,"href":"https:\/\/www.inan.gov.py\/site\/index.php?rest_route=%2Fwp%2Fv2%2Ftags&post=10571"}],"curies":[{"name":"wp","href":"https:\/\/api.w.org\/{rel}","templated":true}]}}