{"id":10591,"date":"2024-06-04T12:40:14","date_gmt":"2024-06-04T12:40:14","guid":{"rendered":"https:\/\/www.inan.gov.py\/site\/?p=10591"},"modified":"2024-12-26T12:58:37","modified_gmt":"2024-12-26T12:58:37","slug":"reunion-de-coordinacion-entre-autoridades-del-inan-senave-e-intn-sobre-calidad-e-inocuidad-de-la-yerba-mate","status":"publish","type":"post","link":"https:\/\/www.inan.gov.py\/site\/?p=10591","title":{"rendered":"Reuni\u00f3n de coordinaci\u00f3n entre autoridades del INAN, SENAVE e INTN sobre calidad e inocuidad de la yerba mate"},"content":{"rendered":"<p style=\"text-align: center;\"><img loading=\"lazy\" decoding=\"async\" class=\"alignnone\" src=\"https:\/\/scontent.fasu7-1.fna.fbcdn.net\/v\/t39.30808-6\/445360353_778529614463600_7821694955077900899_n.jpg?_nc_cat=104&amp;ccb=1-7&amp;_nc_sid=5f2048&amp;_nc_ohc=oZKLic-9X6gQ7kNvgE7JHyN&amp;_nc_ht=scontent.fasu7-1.fna&amp;oh=00_AYDK9vUmWAMSvBfQTuBX0hbQ4TG0nNGArusGTlWAMiXqhw&amp;oe=6664CE75\" alt=\"Puede ser una imagen de 5 personas, personas estudiando y tabla\" width=\"553\" height=\"311\" \/><\/p>\n<p>El presidente del <strong>Servicio Nacional de Calidad y Sanidad Vegetal y de Semillas -SENAVE<\/strong>, <strong>Ing. Agr. Pastor Soria,<\/strong> recibi\u00f3 hoy a la Directora General del <strong><span class=\"html-span xdj266r x11i5rnm xat24cr x1mh8g0r xexx8yu x4uap5 x18d9i69 xkhd6sd x1hl2dhg x16tdsg8 x1vvkbs\"><span class=\"xt0psk2\">Instituto Nacional de Tecnolog\u00eda, Normalizaci\u00f3n y Metrolog\u00eda<\/span><\/span>, Ing. Rossana Gim\u00e9nez<\/strong> y a la <strong>Lic. Elsi Ovelar, <\/strong>Directora General del<span class=\"html-span xdj266r x11i5rnm xat24cr x1mh8g0r xexx8yu x4uap5 x18d9i69 xkhd6sd x1hl2dhg x16tdsg8 x1vvkbs\"><span class=\"xt0psk2\"> Instituto Nacional de Alimentaci\u00f3n y Nutrici\u00f3n -INAN<\/span><\/span>. Las autoridades dialogaron sobre la coordinaci\u00f3n de trabajos relacionados con la calidad y la inocuidad de la yerba mate.<\/p>\n","protected":false},"excerpt":{"rendered":"<p>El presidente del Servicio Nacional de Calidad y Sanidad Vegetal y de Semillas -SENAVE, Ing. Agr. Pastor Soria, recibi\u00f3 hoy a la Directora General del Instituto Nacional de Tecnolog\u00eda, Normalizaci\u00f3n y Metrolog\u00eda, Ing. Rossana Gim\u00e9nez y a la Lic. Elsi Ovelar, Directora General del Instituto Nacional de Alimentaci\u00f3n y Nutrici\u00f3n -INAN. Las autoridades dialogaron sobre &hellip; <\/p>\n<p><a class=\"more-link btn\" href=\"https:\/\/www.inan.gov.py\/site\/?p=10591\">Seguir leyendo<\/a><\/p>\n","protected":false},"author":2,"featured_media":0,"comment_status":"closed","ping_status":"closed","sticky":false,"template":"","format":"standard","meta":{"footnotes":""},"categories":[4],"tags":[],"class_list":["post-10591","post","type-post","status-publish","format-standard","hentry","category-novedades","nodate","item-wrap"],"_links":{"self":[{"href":"https:\/\/www.inan.gov.py\/site\/index.php?rest_route=\/wp\/v2\/posts\/10591","targetHints":{"allow":["GET"]}}],"collection":[{"href":"https:\/\/www.inan.gov.py\/site\/index.php?rest_route=\/wp\/v2\/posts"}],"about":[{"href":"https:\/\/www.inan.gov.py\/site\/index.php?rest_route=\/wp\/v2\/types\/post"}],"author":[{"embeddable":true,"href":"https:\/\/www.inan.gov.py\/site\/index.php?rest_route=\/wp\/v2\/users\/2"}],"replies":[{"embeddable":true,"href":"https:\/\/www.inan.gov.py\/site\/index.php?rest_route=%2Fwp%2Fv2%2Fcomments&post=10591"}],"version-history":[{"count":4,"href":"https:\/\/www.inan.gov.py\/site\/index.php?rest_route=\/wp\/v2\/posts\/10591\/revisions"}],"predecessor-version":[{"id":10596,"href":"https:\/\/www.inan.gov.py\/site\/index.php?rest_route=\/wp\/v2\/posts\/10591\/revisions\/10596"}],"wp:attachment":[{"href":"https:\/\/www.inan.gov.py\/site\/index.php?rest_route=%2Fwp%2Fv2%2Fmedia&parent=10591"}],"wp:term":[{"taxonomy":"category","embeddable":true,"href":"https:\/\/www.inan.gov.py\/site\/index.php?rest_route=%2Fwp%2Fv2%2Fcategories&post=10591"},{"taxonomy":"post_tag","embeddable":true,"href":"https:\/\/www.inan.gov.py\/site\/index.php?rest_route=%2Fwp%2Fv2%2Ftags&post=10591"}],"curies":[{"name":"wp","href":"https:\/\/api.w.org\/{rel}","templated":true}]}}