{"id":10989,"date":"2024-08-13T17:49:15","date_gmt":"2024-08-13T17:49:15","guid":{"rendered":"https:\/\/www.inan.gov.py\/site\/?p=10989"},"modified":"2024-12-26T12:59:47","modified_gmt":"2024-12-26T12:59:47","slug":"reunion-de-coordinacion-para-el-plan-de-monitoreo-del-programa-hambre-cero","status":"publish","type":"post","link":"https:\/\/www.inan.gov.py\/site\/?p=10989","title":{"rendered":"Reuni\u00f3n de coordinaci\u00f3n para el Plan de Monitoreo del Programa Hambre Cero"},"content":{"rendered":"<p>Los Viceministros y Directoras del INTN e INAN se reunieron para coordinar las acciones en relaci\u00f3n al <strong>Plan de Monitoreo del Programa Hambre Cero.<\/strong><\/p>\n<p style=\"text-align: center;\"><img loading=\"lazy\" decoding=\"async\" class=\"alignnone wp-image-10990\" src=\"https:\/\/www.inan.gov.py\/site\/wp-content\/uploads\/2024\/08\/reunion-hambre-cero-1024x539.jpg\" alt=\"\" width=\"600\" height=\"316\" srcset=\"https:\/\/www.inan.gov.py\/site\/wp-content\/uploads\/2024\/08\/reunion-hambre-cero-1024x539.jpg 1024w, https:\/\/www.inan.gov.py\/site\/wp-content\/uploads\/2024\/08\/reunion-hambre-cero-300x158.jpg 300w, https:\/\/www.inan.gov.py\/site\/wp-content\/uploads\/2024\/08\/reunion-hambre-cero-768x404.jpg 768w, https:\/\/www.inan.gov.py\/site\/wp-content\/uploads\/2024\/08\/reunion-hambre-cero-750x395.jpg 750w, https:\/\/www.inan.gov.py\/site\/wp-content\/uploads\/2024\/08\/reunion-hambre-cero.jpg 1267w\" sizes=\"auto, (max-width: 600px) 100vw, 600px\" \/><\/p>\n<p>Estuvieron presentes en la mencionada reuni\u00f3n, el <strong>Viceministro de Pol\u00edticas Sociales del MDS. ; Lic. Carlos Jorge Paris Ferraro, la Viceministra de Protecci\u00f3n y Promoci\u00f3n Social y Econ\u00f3mica del MDS ; Lic. Mar\u00eda Ester Jim\u00e9nez Cabrera, la Directora General del INTN; Ing. Lira Gim\u00e9nez, y la Directora General del INAN ; Lic. Elsi Ovelar.<\/strong><\/p>\n","protected":false},"excerpt":{"rendered":"<p>Los Viceministros y Directoras del INTN e INAN se reunieron para coordinar las acciones en relaci\u00f3n al Plan de Monitoreo del Programa Hambre Cero. Estuvieron presentes en la mencionada reuni\u00f3n, el Viceministro de Pol\u00edticas Sociales del MDS. ; Lic. Carlos Jorge Paris Ferraro, la Viceministra de Protecci\u00f3n y Promoci\u00f3n Social y Econ\u00f3mica del MDS ; &hellip; <\/p>\n<p><a class=\"more-link btn\" href=\"https:\/\/www.inan.gov.py\/site\/?p=10989\">Seguir leyendo<\/a><\/p>\n","protected":false},"author":2,"featured_media":0,"comment_status":"closed","ping_status":"closed","sticky":false,"template":"","format":"standard","meta":{"footnotes":""},"categories":[4],"tags":[],"class_list":["post-10989","post","type-post","status-publish","format-standard","hentry","category-novedades","nodate","item-wrap"],"_links":{"self":[{"href":"https:\/\/www.inan.gov.py\/site\/index.php?rest_route=\/wp\/v2\/posts\/10989","targetHints":{"allow":["GET"]}}],"collection":[{"href":"https:\/\/www.inan.gov.py\/site\/index.php?rest_route=\/wp\/v2\/posts"}],"about":[{"href":"https:\/\/www.inan.gov.py\/site\/index.php?rest_route=\/wp\/v2\/types\/post"}],"author":[{"embeddable":true,"href":"https:\/\/www.inan.gov.py\/site\/index.php?rest_route=\/wp\/v2\/users\/2"}],"replies":[{"embeddable":true,"href":"https:\/\/www.inan.gov.py\/site\/index.php?rest_route=%2Fwp%2Fv2%2Fcomments&post=10989"}],"version-history":[{"count":2,"href":"https:\/\/www.inan.gov.py\/site\/index.php?rest_route=\/wp\/v2\/posts\/10989\/revisions"}],"predecessor-version":[{"id":10992,"href":"https:\/\/www.inan.gov.py\/site\/index.php?rest_route=\/wp\/v2\/posts\/10989\/revisions\/10992"}],"wp:attachment":[{"href":"https:\/\/www.inan.gov.py\/site\/index.php?rest_route=%2Fwp%2Fv2%2Fmedia&parent=10989"}],"wp:term":[{"taxonomy":"category","embeddable":true,"href":"https:\/\/www.inan.gov.py\/site\/index.php?rest_route=%2Fwp%2Fv2%2Fcategories&post=10989"},{"taxonomy":"post_tag","embeddable":true,"href":"https:\/\/www.inan.gov.py\/site\/index.php?rest_route=%2Fwp%2Fv2%2Ftags&post=10989"}],"curies":[{"name":"wp","href":"https:\/\/api.w.org\/{rel}","templated":true}]}}