{"id":11133,"date":"2024-09-25T12:09:06","date_gmt":"2024-09-25T12:09:06","guid":{"rendered":"https:\/\/www.inan.gov.py\/site\/?p=11133"},"modified":"2024-12-26T13:01:53","modified_gmt":"2024-12-26T13:01:53","slug":"capacitacion-sobre-gestion-estrategica-y-operativa-del-comercio-internacional-proyecto-tfast","status":"publish","type":"post","link":"https:\/\/www.inan.gov.py\/site\/?p=11133","title":{"rendered":"Capacitaci\u00f3n sobre Gesti\u00f3n Estrat\u00e9gica y Operativa del Comercio Internacional. Proyecto TFAST."},"content":{"rendered":"<p style=\"text-align: center;\"><img loading=\"lazy\" decoding=\"async\" class=\"alignnone wp-image-11134\" src=\"https:\/\/www.inan.gov.py\/site\/wp-content\/uploads\/2024\/09\/capacitacion-comercio-tfast-banner.jpg\" alt=\"\" width=\"600\" height=\"316\" srcset=\"https:\/\/www.inan.gov.py\/site\/wp-content\/uploads\/2024\/09\/capacitacion-comercio-tfast-banner.jpg 622w, https:\/\/www.inan.gov.py\/site\/wp-content\/uploads\/2024\/09\/capacitacion-comercio-tfast-banner-300x158.jpg 300w\" sizes=\"auto, (max-width: 600px) 100vw, 600px\" \/><\/p>\n<p>Funcionarios del <strong>INAN Paraguay<\/strong> participaron de la capacitaci\u00f3n sobre: <strong>Gesti\u00f3n Estrat\u00e9gica y Operativa del Comercio Internacional<\/strong>, que estuvo a cargo de <strong>Luis Ojeda Adlan<\/strong>, <strong>Coordinador de Gesti\u00f3n y Facilitaci\u00f3n del Comercio de la Aduana Paraguay.\u00a0<\/strong><!--more--><\/p>\n<p style=\"text-align: center;\"><img loading=\"lazy\" decoding=\"async\" class=\"alignnone wp-image-11135 size-full\" src=\"https:\/\/www.inan.gov.py\/site\/wp-content\/uploads\/2024\/09\/capacitacion-comercio-tfast-1.jpg\" alt=\"\" width=\"379\" height=\"253\" srcset=\"https:\/\/www.inan.gov.py\/site\/wp-content\/uploads\/2024\/09\/capacitacion-comercio-tfast-1.jpg 379w, https:\/\/www.inan.gov.py\/site\/wp-content\/uploads\/2024\/09\/capacitacion-comercio-tfast-1-300x200.jpg 300w\" sizes=\"auto, (max-width: 379px) 100vw, 379px\" \/><\/p>\n<p style=\"text-align: left;\">El objetivo del curso fue proporcionar un conocimiento integral sobre los fundamentos del comercio internacional, las normativas aduaneras aplicables, y las modalidades de transporte, junto con las \u00faltimas innovaciones tecnol\u00f3gicas y sostenibilidad en la cadena de suministro.<\/p>\n<p style=\"text-align: center;\"><img loading=\"lazy\" decoding=\"async\" class=\"alignnone wp-image-11136\" src=\"https:\/\/www.inan.gov.py\/site\/wp-content\/uploads\/2024\/09\/capacitacion-comercio-tfast-2.jpg\" alt=\"\" width=\"379\" height=\"253\" srcset=\"https:\/\/www.inan.gov.py\/site\/wp-content\/uploads\/2024\/09\/capacitacion-comercio-tfast-2.jpg 333w, https:\/\/www.inan.gov.py\/site\/wp-content\/uploads\/2024\/09\/capacitacion-comercio-tfast-2-300x200.jpg 300w\" sizes=\"auto, (max-width: 379px) 100vw, 379px\" \/><\/p>\n<p>Se busca mejorar la capacidad de los profesionales para gestionar operaciones de comercio exterior de manera eficiente, alineadas con las regulaciones vigentes y las mejores pr\u00e1cticas internacionales, promoviendo a la vez una log\u00edstica m\u00e1s sostenible y competitiva.<\/p>\n","protected":false},"excerpt":{"rendered":"<p>Funcionarios del INAN Paraguay participaron de la capacitaci\u00f3n sobre: Gesti\u00f3n Estrat\u00e9gica y Operativa del Comercio Internacional, que estuvo a cargo de Luis Ojeda Adlan, Coordinador de Gesti\u00f3n y Facilitaci\u00f3n del Comercio de la Aduana Paraguay.\u00a0<\/p><p><a class=\"more-link btn\" href=\"https:\/\/www.inan.gov.py\/site\/?p=11133\">Seguir leyendo<\/a><\/p>\n","protected":false},"author":2,"featured_media":0,"comment_status":"closed","ping_status":"closed","sticky":false,"template":"","format":"standard","meta":{"footnotes":""},"categories":[4],"tags":[],"class_list":["post-11133","post","type-post","status-publish","format-standard","hentry","category-novedades","nodate","item-wrap"],"_links":{"self":[{"href":"https:\/\/www.inan.gov.py\/site\/index.php?rest_route=\/wp\/v2\/posts\/11133","targetHints":{"allow":["GET"]}}],"collection":[{"href":"https:\/\/www.inan.gov.py\/site\/index.php?rest_route=\/wp\/v2\/posts"}],"about":[{"href":"https:\/\/www.inan.gov.py\/site\/index.php?rest_route=\/wp\/v2\/types\/post"}],"author":[{"embeddable":true,"href":"https:\/\/www.inan.gov.py\/site\/index.php?rest_route=\/wp\/v2\/users\/2"}],"replies":[{"embeddable":true,"href":"https:\/\/www.inan.gov.py\/site\/index.php?rest_route=%2Fwp%2Fv2%2Fcomments&post=11133"}],"version-history":[{"count":1,"href":"https:\/\/www.inan.gov.py\/site\/index.php?rest_route=\/wp\/v2\/posts\/11133\/revisions"}],"predecessor-version":[{"id":11137,"href":"https:\/\/www.inan.gov.py\/site\/index.php?rest_route=\/wp\/v2\/posts\/11133\/revisions\/11137"}],"wp:attachment":[{"href":"https:\/\/www.inan.gov.py\/site\/index.php?rest_route=%2Fwp%2Fv2%2Fmedia&parent=11133"}],"wp:term":[{"taxonomy":"category","embeddable":true,"href":"https:\/\/www.inan.gov.py\/site\/index.php?rest_route=%2Fwp%2Fv2%2Fcategories&post=11133"},{"taxonomy":"post_tag","embeddable":true,"href":"https:\/\/www.inan.gov.py\/site\/index.php?rest_route=%2Fwp%2Fv2%2Ftags&post=11133"}],"curies":[{"name":"wp","href":"https:\/\/api.w.org\/{rel}","templated":true}]}}