{"id":11138,"date":"2024-09-25T14:43:17","date_gmt":"2024-09-25T14:43:17","guid":{"rendered":"https:\/\/www.inan.gov.py\/site\/?p=11138"},"modified":"2024-12-26T13:01:48","modified_gmt":"2024-12-26T13:01:48","slug":"capacitacion-en-guias-alimentarias-grupo-familia-y-ninos-menores-de-2-anos-en-la-x-r-s-alto-parana","status":"publish","type":"post","link":"https:\/\/www.inan.gov.py\/site\/?p=11138","title":{"rendered":"Capacitaci\u00f3n en Gu\u00edas Alimentarias Grupo Familia y Ni\u00f1os Menores de 2 a\u00f1os en la X R.S. Alto Paran\u00e1"},"content":{"rendered":"<p style=\"text-align: center;\"><img loading=\"lazy\" decoding=\"async\" class=\"alignnone size-full wp-image-11140\" src=\"https:\/\/www.inan.gov.py\/site\/wp-content\/uploads\/2024\/09\/capacitacionguiasxrs2.jpg\" alt=\"\" width=\"622\" height=\"285\" srcset=\"https:\/\/www.inan.gov.py\/site\/wp-content\/uploads\/2024\/09\/capacitacionguiasxrs2.jpg 622w, https:\/\/www.inan.gov.py\/site\/wp-content\/uploads\/2024\/09\/capacitacionguiasxrs2-300x137.jpg 300w\" sizes=\"auto, (max-width: 622px) 100vw, 622px\" \/><\/p>\n<p>El <strong>Instituto Nacional de Alimentaci\u00f3n y Nutrici\u00f3n \u2013 INAN<\/strong>, realiz\u00f3 capacitaciones en <strong>Gu\u00edas Alimentarias del Paraguay y Gu\u00edas Alimentarias para ni\u00f1as y ni\u00f1os menores de 2 a\u00f1os.<\/strong><br \/>\nA trav\u00e9s de la <strong>Direcci\u00f3n de Nutrici\u00f3n y Programas Alimentarios<\/strong>, se desarrollaron exitosamente capacitaciones en los contenidos de las <strong>Gu\u00edas Alimentarias del Paraguay y Gu\u00edas Alimentarias para el menor de 2 a\u00f1os<\/strong>, dichas actividades estuvieron dirigidas al personal de blanco y agentes comunitarios de los servicios de salud de la <strong>X R.S. Alto Paran\u00e1.<\/strong><!--more--><\/p>\n<p style=\"text-align: center;\"><img loading=\"lazy\" decoding=\"async\" class=\"alignnone size-full wp-image-11139\" src=\"https:\/\/www.inan.gov.py\/site\/wp-content\/uploads\/2024\/09\/capacitacionguiasxrs1.jpg\" alt=\"\" width=\"585\" height=\"280\" srcset=\"https:\/\/www.inan.gov.py\/site\/wp-content\/uploads\/2024\/09\/capacitacionguiasxrs1.jpg 585w, https:\/\/www.inan.gov.py\/site\/wp-content\/uploads\/2024\/09\/capacitacionguiasxrs1-300x144.jpg 300w\" sizes=\"auto, (max-width: 585px) 100vw, 585px\" \/><\/p>\n<p>La misma se ha realizado en el mes de agosto del presente a\u00f1o, el cual tuvo como objetivo actualizar al personal de salud en las recomendaciones t\u00e9cnicas de las Gu\u00edas Alimentarias del Paraguay y Gu\u00edas Alimentarias del Paraguay para Ni\u00f1as y Ni\u00f1os menores de 2 a\u00f1os a fin de promover dietas y estilos de vida saludable, para la poblaci\u00f3n sana y as\u00ed prevenir las enfermedades cr\u00f3nicas no transmisibles y la malnutrici\u00f3n por d\u00e9ficit o por exceso.<\/p>\n<p><img loading=\"lazy\" decoding=\"async\" class=\"alignnone size-full wp-image-11141 aligncenter\" src=\"https:\/\/www.inan.gov.py\/site\/wp-content\/uploads\/2024\/09\/capacitacionguiasxrs3.jpg\" alt=\"\" width=\"622\" height=\"285\" srcset=\"https:\/\/www.inan.gov.py\/site\/wp-content\/uploads\/2024\/09\/capacitacionguiasxrs3.jpg 622w, https:\/\/www.inan.gov.py\/site\/wp-content\/uploads\/2024\/09\/capacitacionguiasxrs3-300x137.jpg 300w\" sizes=\"auto, (max-width: 622px) 100vw, 622px\" \/><\/p>\n<p>En el taller se incluyeron adem\u00e1s ejercicios y din\u00e1micas, de esta manera brindar herramientas pr\u00e1cticas para que puedan utilizar en los servicios de salud. En esta ocasi\u00f3n se cont\u00f3 con la presencia de 118 participantes entre ellos nutricionistas, enfermeros y encargados de los servicios de salud.<\/p>\n","protected":false},"excerpt":{"rendered":"<p>El Instituto Nacional de Alimentaci\u00f3n y Nutrici\u00f3n \u2013 INAN, realiz\u00f3 capacitaciones en Gu\u00edas Alimentarias del Paraguay y Gu\u00edas Alimentarias para ni\u00f1as y ni\u00f1os menores de 2 a\u00f1os. A trav\u00e9s de la Direcci\u00f3n de Nutrici\u00f3n y Programas Alimentarios, se desarrollaron exitosamente capacitaciones en los contenidos de las Gu\u00edas Alimentarias del Paraguay y Gu\u00edas Alimentarias para el &hellip; <\/p>\n<p><a class=\"more-link btn\" href=\"https:\/\/www.inan.gov.py\/site\/?p=11138\">Seguir leyendo<\/a><\/p>\n","protected":false},"author":2,"featured_media":0,"comment_status":"closed","ping_status":"closed","sticky":false,"template":"","format":"standard","meta":{"footnotes":""},"categories":[4],"tags":[],"class_list":["post-11138","post","type-post","status-publish","format-standard","hentry","category-novedades","nodate","item-wrap"],"_links":{"self":[{"href":"https:\/\/www.inan.gov.py\/site\/index.php?rest_route=\/wp\/v2\/posts\/11138","targetHints":{"allow":["GET"]}}],"collection":[{"href":"https:\/\/www.inan.gov.py\/site\/index.php?rest_route=\/wp\/v2\/posts"}],"about":[{"href":"https:\/\/www.inan.gov.py\/site\/index.php?rest_route=\/wp\/v2\/types\/post"}],"author":[{"embeddable":true,"href":"https:\/\/www.inan.gov.py\/site\/index.php?rest_route=\/wp\/v2\/users\/2"}],"replies":[{"embeddable":true,"href":"https:\/\/www.inan.gov.py\/site\/index.php?rest_route=%2Fwp%2Fv2%2Fcomments&post=11138"}],"version-history":[{"count":3,"href":"https:\/\/www.inan.gov.py\/site\/index.php?rest_route=\/wp\/v2\/posts\/11138\/revisions"}],"predecessor-version":[{"id":11144,"href":"https:\/\/www.inan.gov.py\/site\/index.php?rest_route=\/wp\/v2\/posts\/11138\/revisions\/11144"}],"wp:attachment":[{"href":"https:\/\/www.inan.gov.py\/site\/index.php?rest_route=%2Fwp%2Fv2%2Fmedia&parent=11138"}],"wp:term":[{"taxonomy":"category","embeddable":true,"href":"https:\/\/www.inan.gov.py\/site\/index.php?rest_route=%2Fwp%2Fv2%2Fcategories&post=11138"},{"taxonomy":"post_tag","embeddable":true,"href":"https:\/\/www.inan.gov.py\/site\/index.php?rest_route=%2Fwp%2Fv2%2Ftags&post=11138"}],"curies":[{"name":"wp","href":"https:\/\/api.w.org\/{rel}","templated":true}]}}