{"id":11265,"date":"2024-10-08T12:18:38","date_gmt":"2024-10-08T12:18:38","guid":{"rendered":"https:\/\/www.inan.gov.py\/site\/?p=11265"},"modified":"2024-12-26T13:04:11","modified_gmt":"2024-12-26T13:04:11","slug":"conmemoracion-por-el-dia-mundial-de-la-alimentacion-2024","status":"publish","type":"post","link":"https:\/\/www.inan.gov.py\/site\/?p=11265","title":{"rendered":"Conmemoraci\u00f3n por el D\u00eda Mundial de la Alimentaci\u00f3n 2024"},"content":{"rendered":"<div class=\"x11i5rnm xat24cr x1mh8g0r x1vvkbs xtlvy1s x126k92a\">\n<div dir=\"auto\" style=\"text-align: center;\"><strong>\u00abDerecho a los alimentos para una vida y futuro mejor\u00bb<\/strong><\/div>\n<\/div>\n<div dir=\"auto\" style=\"text-align: center;\"><img loading=\"lazy\" decoding=\"async\" class=\"alignnone wp-image-11272\" src=\"https:\/\/www.inan.gov.py\/site\/wp-content\/uploads\/2024\/10\/conmemoraciondma2024bcp-1-1024x628.jpg\" alt=\"\" width=\"600\" height=\"368\" srcset=\"https:\/\/www.inan.gov.py\/site\/wp-content\/uploads\/2024\/10\/conmemoraciondma2024bcp-1-1024x628.jpg 1024w, https:\/\/www.inan.gov.py\/site\/wp-content\/uploads\/2024\/10\/conmemoraciondma2024bcp-1-300x184.jpg 300w, https:\/\/www.inan.gov.py\/site\/wp-content\/uploads\/2024\/10\/conmemoraciondma2024bcp-1-768x471.jpg 768w, https:\/\/www.inan.gov.py\/site\/wp-content\/uploads\/2024\/10\/conmemoraciondma2024bcp-1-750x460.jpg 750w, https:\/\/www.inan.gov.py\/site\/wp-content\/uploads\/2024\/10\/conmemoraciondma2024bcp-1.jpg 1267w\" sizes=\"auto, (max-width: 600px) 100vw, 600px\" \/><\/div>\n<div class=\"x11i5rnm xat24cr x1mh8g0r x1vvkbs xtlvy1s x126k92a\">\n<div dir=\"auto\">El <strong>Ministerio de Salud P\u00fablica y Bienestar Social,<\/strong> el <strong><span class=\"html-span xdj266r x11i5rnm xat24cr x1mh8g0r xexx8yu x4uap5 x18d9i69 xkhd6sd x1hl2dhg x16tdsg8 x1vvkbs\"><span class=\"xt0psk2\">Ministerio de Desarrollo Social del Paraguay<\/span><\/span><\/strong>y la <strong>Organizaci\u00f3n de las Naciones Unidas para la Alimentaci\u00f3n y la Agricultura<\/strong> <span class=\"html-span xdj266r x11i5rnm xat24cr x1mh8g0r xexx8yu x4uap5 x18d9i69 xkhd6sd x1hl2dhg x16tdsg8 x1vvkbs\"><span class=\"xt0psk2\">(<strong>FAO)<\/strong><\/span><\/span>\u00a0realizaron el acto de conmemoraci\u00f3n por el <strong>D\u00eda Mundial de la Alimentaci\u00f3n (DMA) 2024<\/strong>, que se recuerda cada <strong>16 de octubre.<\/strong><\/div>\n<\/div>\n<p><!--more--><\/p>\n<div class=\"x11i5rnm xat24cr x1mh8g0r x1vvkbs xtlvy1s x126k92a\">\n<div dir=\"auto\"><\/div>\n<div dir=\"auto\">Cada a\u00f1o, el <strong>16 de octubre<\/strong>, personas de m\u00e1s de 150 pa\u00edses celebran el <strong>D\u00eda Mundial de la Alimentaci\u00f3n (DMA).<\/strong> La<strong> Organizaci\u00f3n de las Naciones Unidas para la Alimentaci\u00f3n y la Agricultura (FAO)<\/strong> ha elegido para este a\u00f1o el lema <strong><em>\u201cDerecho a los Alimentos, para una vida y un futuro mejor\u201d.<\/em><\/strong><\/div>\n<\/div>\n<div class=\"x11i5rnm xat24cr x1mh8g0r x1vvkbs xtlvy1s x126k92a\">\n<div dir=\"auto\"><\/div>\n<div dir=\"auto\">La ministra de Salud P\u00fablica,<strong> Dra. Mar\u00eda Teresa Bar\u00e1n<\/strong>, destac\u00f3 la importancia del derecho a la alimentaci\u00f3n saludable, utilizando el programa <strong>Hambre Cero<\/strong>, a fin de garantizar que ni\u00f1os y familias aprendan a cocinar de manera nutritiva. Este programa no solo se enfoca en proporcionar comidas, sino tambi\u00e9n en educar sobre la alimentaci\u00f3n saludable en las escuelas y hogares.<\/div>\n<div dir=\"auto\"><\/div>\n<div dir=\"auto\"><\/div>\n<\/div>\n<div class=\"x11i5rnm xat24cr x1mh8g0r x1vvkbs xtlvy1s x126k92a\">\n<div dir=\"auto\">Por su parte, la directora del <strong><span class=\"html-span xdj266r x11i5rnm xat24cr x1mh8g0r xexx8yu x4uap5 x18d9i69 xkhd6sd x1hl2dhg x16tdsg8 x1vvkbs\"><span class=\"xt0psk2\">INAN Paraguay<\/span><\/span>,<\/strong> <strong>Elsi Ovelar<\/strong>, mencion\u00f3 que, a pesar de los avances en el acceso a una alimentaci\u00f3n adecuada, persisten problemas de malnutrici\u00f3n, especialmente en poblaciones vulnerables. Se destaca la desnutrici\u00f3n infantil y una preocupante tendencia hacia el sobrepeso y la obesidad en escolares.<\/div>\n<\/div>\n<div dir=\"auto\" style=\"text-align: center;\"><a href=\"https:\/\/www.facebook.com\/ministeriodesaludparaguay\/videos\/1048911856982234\"><strong>Ver Video<\/strong><\/a><\/div>\n","protected":false},"excerpt":{"rendered":"<p>\u00abDerecho a los alimentos para una vida y futuro mejor\u00bb El Ministerio de Salud P\u00fablica y Bienestar Social, el Ministerio de Desarrollo Social del Paraguayy la Organizaci\u00f3n de las Naciones Unidas para la Alimentaci\u00f3n y la Agricultura (FAO)\u00a0realizaron el acto de conmemoraci\u00f3n por el D\u00eda Mundial de la Alimentaci\u00f3n (DMA) 2024, que se recuerda cada &hellip; <\/p>\n<p><a class=\"more-link btn\" href=\"https:\/\/www.inan.gov.py\/site\/?p=11265\">Seguir leyendo<\/a><\/p>\n","protected":false},"author":2,"featured_media":0,"comment_status":"closed","ping_status":"closed","sticky":false,"template":"","format":"standard","meta":{"footnotes":""},"categories":[4],"tags":[],"class_list":["post-11265","post","type-post","status-publish","format-standard","hentry","category-novedades","nodate","item-wrap"],"_links":{"self":[{"href":"https:\/\/www.inan.gov.py\/site\/index.php?rest_route=\/wp\/v2\/posts\/11265","targetHints":{"allow":["GET"]}}],"collection":[{"href":"https:\/\/www.inan.gov.py\/site\/index.php?rest_route=\/wp\/v2\/posts"}],"about":[{"href":"https:\/\/www.inan.gov.py\/site\/index.php?rest_route=\/wp\/v2\/types\/post"}],"author":[{"embeddable":true,"href":"https:\/\/www.inan.gov.py\/site\/index.php?rest_route=\/wp\/v2\/users\/2"}],"replies":[{"embeddable":true,"href":"https:\/\/www.inan.gov.py\/site\/index.php?rest_route=%2Fwp%2Fv2%2Fcomments&post=11265"}],"version-history":[{"count":6,"href":"https:\/\/www.inan.gov.py\/site\/index.php?rest_route=\/wp\/v2\/posts\/11265\/revisions"}],"predecessor-version":[{"id":11273,"href":"https:\/\/www.inan.gov.py\/site\/index.php?rest_route=\/wp\/v2\/posts\/11265\/revisions\/11273"}],"wp:attachment":[{"href":"https:\/\/www.inan.gov.py\/site\/index.php?rest_route=%2Fwp%2Fv2%2Fmedia&parent=11265"}],"wp:term":[{"taxonomy":"category","embeddable":true,"href":"https:\/\/www.inan.gov.py\/site\/index.php?rest_route=%2Fwp%2Fv2%2Fcategories&post=11265"},{"taxonomy":"post_tag","embeddable":true,"href":"https:\/\/www.inan.gov.py\/site\/index.php?rest_route=%2Fwp%2Fv2%2Ftags&post=11265"}],"curies":[{"name":"wp","href":"https:\/\/api.w.org\/{rel}","templated":true}]}}