{"id":11411,"date":"2024-10-17T15:08:56","date_gmt":"2024-10-17T15:08:56","guid":{"rendered":"https:\/\/www.inan.gov.py\/site\/?p=11411"},"modified":"2024-12-26T13:05:30","modified_gmt":"2024-12-26T13:05:30","slug":"11411","status":"publish","type":"post","link":"https:\/\/www.inan.gov.py\/site\/?p=11411","title":{"rendered":"Feria de Nutrici\u00f3n, en Cnel. Oviedo."},"content":{"rendered":"<p style=\"text-align: center;\"><img loading=\"lazy\" decoding=\"async\" class=\"alignnone wp-image-11413\" src=\"https:\/\/www.inan.gov.py\/site\/wp-content\/uploads\/2024\/10\/cneloviedo2.jpg\" alt=\"\" width=\"600\" height=\"315\" srcset=\"https:\/\/www.inan.gov.py\/site\/wp-content\/uploads\/2024\/10\/cneloviedo2.jpg 622w, https:\/\/www.inan.gov.py\/site\/wp-content\/uploads\/2024\/10\/cneloviedo2-300x158.jpg 300w\" sizes=\"auto, (max-width: 600px) 100vw, 600px\" \/><\/p>\n<p>En conmemoraci\u00f3n del <strong>D\u00eda Mundial de la Alimentaci\u00f3n y el D\u00eda del Nutricionista en Paraguay<\/strong>, se llev\u00f3 a cabo una<strong> Feria de Nutrici\u00f3n<\/strong>, orientada a promover h\u00e1bitos alimentarios saludables y crear conciencia sobre la importancia de una nutrici\u00f3n balanceada para el bienestar de la poblaci\u00f3n. Desde la secci\u00f3n de nutrici\u00f3n del <strong>Hospital Regional de Coronel Oviedo e IPS<\/strong>. Acompa\u00f1ado por la <strong>V regi\u00f3n Sanitaria<\/strong>, busca no solo celebrar la labor de los profesionales en nutrici\u00f3n, sino tambi\u00e9n fomentar la adopci\u00f3n de estilos de vida saludables en la comunidad.<!--more--><\/p>\n<p style=\"text-align: center;\"><img loading=\"lazy\" decoding=\"async\" class=\"alignnone wp-image-11414\" src=\"https:\/\/www.inan.gov.py\/site\/wp-content\/uploads\/2024\/10\/cneloviedo1.jpg\" alt=\"\" width=\"600\" height=\"297\" srcset=\"https:\/\/www.inan.gov.py\/site\/wp-content\/uploads\/2024\/10\/cneloviedo1.jpg 566w, https:\/\/www.inan.gov.py\/site\/wp-content\/uploads\/2024\/10\/cneloviedo1-300x148.jpg 300w\" sizes=\"auto, (max-width: 600px) 100vw, 600px\" \/><\/p>\n<p>Durante la feria, se realizaron diversas actividades educativas sobre la alimentaci\u00f3n saludable, demostraciones de platos nutritivos y consejos pr\u00e1cticos para mejorar la dieta diaria. Los participantes tuvieron la oportunidad de recibir orientaci\u00f3n personalizada por parte de nutricionistas y profesionales de la salud, quienes abordaron temas como la prevenci\u00f3n de enfermedades relacionadas con la alimentaci\u00f3n y el impacto de una dieta equilibrada en la salud integral.<\/p>\n<p>Estuvo presente la directora general del <strong>Instituto Nacional de Alimentaci\u00f3n y Nutrici\u00f3n (INAN) Lic. Elsi Ovelar Fern\u00e1ndez<\/strong>, el director de <strong>Nutrici\u00f3n y Programas Alimentarios del INAN Lic. Fernando Romero<\/strong>, la directora regional, <strong>Dra. Lorena Ocampos.<\/strong><\/p>\n","protected":false},"excerpt":{"rendered":"<p>En conmemoraci\u00f3n del D\u00eda Mundial de la Alimentaci\u00f3n y el D\u00eda del Nutricionista en Paraguay, se llev\u00f3 a cabo una Feria de Nutrici\u00f3n, orientada a promover h\u00e1bitos alimentarios saludables y crear conciencia sobre la importancia de una nutrici\u00f3n balanceada para el bienestar de la poblaci\u00f3n. Desde la secci\u00f3n de nutrici\u00f3n del Hospital Regional de Coronel &hellip; <\/p>\n<p><a class=\"more-link btn\" href=\"https:\/\/www.inan.gov.py\/site\/?p=11411\">Seguir leyendo<\/a><\/p>\n","protected":false},"author":2,"featured_media":0,"comment_status":"closed","ping_status":"closed","sticky":false,"template":"","format":"standard","meta":{"footnotes":""},"categories":[4],"tags":[],"class_list":["post-11411","post","type-post","status-publish","format-standard","hentry","category-novedades","nodate","item-wrap"],"_links":{"self":[{"href":"https:\/\/www.inan.gov.py\/site\/index.php?rest_route=\/wp\/v2\/posts\/11411","targetHints":{"allow":["GET"]}}],"collection":[{"href":"https:\/\/www.inan.gov.py\/site\/index.php?rest_route=\/wp\/v2\/posts"}],"about":[{"href":"https:\/\/www.inan.gov.py\/site\/index.php?rest_route=\/wp\/v2\/types\/post"}],"author":[{"embeddable":true,"href":"https:\/\/www.inan.gov.py\/site\/index.php?rest_route=\/wp\/v2\/users\/2"}],"replies":[{"embeddable":true,"href":"https:\/\/www.inan.gov.py\/site\/index.php?rest_route=%2Fwp%2Fv2%2Fcomments&post=11411"}],"version-history":[{"count":5,"href":"https:\/\/www.inan.gov.py\/site\/index.php?rest_route=\/wp\/v2\/posts\/11411\/revisions"}],"predecessor-version":[{"id":11418,"href":"https:\/\/www.inan.gov.py\/site\/index.php?rest_route=\/wp\/v2\/posts\/11411\/revisions\/11418"}],"wp:attachment":[{"href":"https:\/\/www.inan.gov.py\/site\/index.php?rest_route=%2Fwp%2Fv2%2Fmedia&parent=11411"}],"wp:term":[{"taxonomy":"category","embeddable":true,"href":"https:\/\/www.inan.gov.py\/site\/index.php?rest_route=%2Fwp%2Fv2%2Fcategories&post=11411"},{"taxonomy":"post_tag","embeddable":true,"href":"https:\/\/www.inan.gov.py\/site\/index.php?rest_route=%2Fwp%2Fv2%2Ftags&post=11411"}],"curies":[{"name":"wp","href":"https:\/\/api.w.org\/{rel}","templated":true}]}}