{"id":11691,"date":"2025-02-20T11:59:23","date_gmt":"2025-02-20T11:59:23","guid":{"rendered":"https:\/\/www.inan.gov.py\/site\/?p=11691"},"modified":"2025-02-20T12:02:23","modified_gmt":"2025-02-20T12:02:23","slug":"inan-capacita-a-manipuladores-de-alimentos-del-servicio-nacional-de-enfermedades-respiratoria-y-del-ambiente-ineram","status":"publish","type":"post","link":"https:\/\/www.inan.gov.py\/site\/?p=11691","title":{"rendered":"INAN capacita a manipuladores de alimentos del Servicio Nacional de Enfermedades Respiratoria y del Ambiente -INERAM"},"content":{"rendered":"<p style=\"text-align: center;\"><img loading=\"lazy\" decoding=\"async\" class=\"alignnone wp-image-11693\" src=\"https:\/\/www.inan.gov.py\/site\/wp-content\/uploads\/2025\/02\/ineran1-1024x539.jpg\" alt=\"\" width=\"550\" height=\"290\" srcset=\"https:\/\/www.inan.gov.py\/site\/wp-content\/uploads\/2025\/02\/ineran1-1024x539.jpg 1024w, https:\/\/www.inan.gov.py\/site\/wp-content\/uploads\/2025\/02\/ineran1-300x158.jpg 300w, https:\/\/www.inan.gov.py\/site\/wp-content\/uploads\/2025\/02\/ineran1-768x404.jpg 768w, https:\/\/www.inan.gov.py\/site\/wp-content\/uploads\/2025\/02\/ineran1-750x395.jpg 750w, https:\/\/www.inan.gov.py\/site\/wp-content\/uploads\/2025\/02\/ineran1.jpg 1267w\" sizes=\"auto, (max-width: 550px) 100vw, 550px\" \/><\/p>\n<p>El 16 de enero del presente a\u00f1o, se realiz\u00f3 la capacitaci\u00f3n a manipuladores del servicio de alimentaci\u00f3n del <strong>Instituto Nacional de Enfermedades Respiratorias y del Ambiente &#8211; INERAM.<\/strong> La actividad estuvo a cargo del personal t\u00e9cnico del <strong>Departamento de Servicios de Alimentaci\u00f3n<\/strong>, de la <strong>Direcci\u00f3n de Nutrici\u00f3n del INAN<\/strong>. En las instant\u00e1neas la Lic. en Nutrici\u00f3n <strong>Julia Coronel<\/strong> con el equipo capacitado del hospital.<\/p>\n","protected":false},"excerpt":{"rendered":"<p>El 16 de enero del presente a\u00f1o, se realiz\u00f3 la capacitaci\u00f3n a manipuladores del servicio de alimentaci\u00f3n del Instituto Nacional de Enfermedades Respiratorias y del Ambiente &#8211; INERAM. La actividad estuvo a cargo del personal t\u00e9cnico del Departamento de Servicios de Alimentaci\u00f3n, de la Direcci\u00f3n de Nutrici\u00f3n del INAN. En las instant\u00e1neas la Lic. en &hellip; <\/p>\n<p><a class=\"more-link btn\" href=\"https:\/\/www.inan.gov.py\/site\/?p=11691\">Seguir leyendo<\/a><\/p>\n","protected":false},"author":2,"featured_media":0,"comment_status":"closed","ping_status":"closed","sticky":false,"template":"","format":"standard","meta":{"footnotes":""},"categories":[4],"tags":[],"class_list":["post-11691","post","type-post","status-publish","format-standard","hentry","category-novedades","nodate","item-wrap"],"_links":{"self":[{"href":"https:\/\/www.inan.gov.py\/site\/index.php?rest_route=\/wp\/v2\/posts\/11691","targetHints":{"allow":["GET"]}}],"collection":[{"href":"https:\/\/www.inan.gov.py\/site\/index.php?rest_route=\/wp\/v2\/posts"}],"about":[{"href":"https:\/\/www.inan.gov.py\/site\/index.php?rest_route=\/wp\/v2\/types\/post"}],"author":[{"embeddable":true,"href":"https:\/\/www.inan.gov.py\/site\/index.php?rest_route=\/wp\/v2\/users\/2"}],"replies":[{"embeddable":true,"href":"https:\/\/www.inan.gov.py\/site\/index.php?rest_route=%2Fwp%2Fv2%2Fcomments&post=11691"}],"version-history":[{"count":5,"href":"https:\/\/www.inan.gov.py\/site\/index.php?rest_route=\/wp\/v2\/posts\/11691\/revisions"}],"predecessor-version":[{"id":11697,"href":"https:\/\/www.inan.gov.py\/site\/index.php?rest_route=\/wp\/v2\/posts\/11691\/revisions\/11697"}],"wp:attachment":[{"href":"https:\/\/www.inan.gov.py\/site\/index.php?rest_route=%2Fwp%2Fv2%2Fmedia&parent=11691"}],"wp:term":[{"taxonomy":"category","embeddable":true,"href":"https:\/\/www.inan.gov.py\/site\/index.php?rest_route=%2Fwp%2Fv2%2Fcategories&post=11691"},{"taxonomy":"post_tag","embeddable":true,"href":"https:\/\/www.inan.gov.py\/site\/index.php?rest_route=%2Fwp%2Fv2%2Ftags&post=11691"}],"curies":[{"name":"wp","href":"https:\/\/api.w.org\/{rel}","templated":true}]}}