{"id":11707,"date":"2025-02-20T13:12:29","date_gmt":"2025-02-20T13:12:29","guid":{"rendered":"https:\/\/www.inan.gov.py\/site\/?p=11707"},"modified":"2025-02-20T13:12:29","modified_gmt":"2025-02-20T13:12:29","slug":"reunion-tecnica-inan-mspbs-y-unicef","status":"publish","type":"post","link":"https:\/\/www.inan.gov.py\/site\/?p=11707","title":{"rendered":"Reuni\u00f3n T\u00e9cnica INAN-MSPBS y UNICEF"},"content":{"rendered":"<p>El d\u00eda 22 de Enero del corriente se realiz\u00f3 la reuni\u00f3n t\u00e9cnica entre el <strong>INAN &#8211; MSPYBS<\/strong> y <strong>UNICEF<\/strong> <strong>Paraguay<\/strong> para coordinar y dar seguimiento a las actividades conjuntas previstas para el a\u00f1o 2025 en el marco de los Proyectos de cooperaci\u00f3n.<\/p>\n<p style=\"text-align: center;\"><img loading=\"lazy\" decoding=\"async\" class=\"alignnone wp-image-11708\" src=\"https:\/\/www.inan.gov.py\/site\/wp-content\/uploads\/2025\/02\/unicef-inanmspbs-1024x539.jpg\" alt=\"\" width=\"550\" height=\"290\" srcset=\"https:\/\/www.inan.gov.py\/site\/wp-content\/uploads\/2025\/02\/unicef-inanmspbs-1024x539.jpg 1024w, https:\/\/www.inan.gov.py\/site\/wp-content\/uploads\/2025\/02\/unicef-inanmspbs-300x158.jpg 300w, https:\/\/www.inan.gov.py\/site\/wp-content\/uploads\/2025\/02\/unicef-inanmspbs-768x404.jpg 768w, https:\/\/www.inan.gov.py\/site\/wp-content\/uploads\/2025\/02\/unicef-inanmspbs-750x395.jpg 750w, https:\/\/www.inan.gov.py\/site\/wp-content\/uploads\/2025\/02\/unicef-inanmspbs.jpg 1267w\" sizes=\"auto, (max-width: 550px) 100vw, 550px\" \/><\/p>\n<p>En la instant\u00e1nea, la Directora General del INAN, <strong>Lic. Elsi Ovelar,<\/strong> el Director de Nutrici\u00f3n, <strong>Lic. Fernando Romero<\/strong> y equipo t\u00e9cnico, junto a la <strong>Dra. Sonia Av\u00e1los<\/strong> acompa\u00f1ada por el equipo T\u00e9cnico de <strong>UNICEF<\/strong>.<\/p>\n","protected":false},"excerpt":{"rendered":"<p>El d\u00eda 22 de Enero del corriente se realiz\u00f3 la reuni\u00f3n t\u00e9cnica entre el INAN &#8211; MSPYBS y UNICEF Paraguay para coordinar y dar seguimiento a las actividades conjuntas previstas para el a\u00f1o 2025 en el marco de los Proyectos de cooperaci\u00f3n. En la instant\u00e1nea, la Directora General del INAN, Lic. Elsi Ovelar, el Director &hellip; <\/p>\n<p><a class=\"more-link btn\" href=\"https:\/\/www.inan.gov.py\/site\/?p=11707\">Seguir leyendo<\/a><\/p>\n","protected":false},"author":2,"featured_media":0,"comment_status":"closed","ping_status":"closed","sticky":false,"template":"","format":"standard","meta":{"footnotes":""},"categories":[4],"tags":[],"class_list":["post-11707","post","type-post","status-publish","format-standard","hentry","category-novedades","nodate","item-wrap"],"_links":{"self":[{"href":"https:\/\/www.inan.gov.py\/site\/index.php?rest_route=\/wp\/v2\/posts\/11707","targetHints":{"allow":["GET"]}}],"collection":[{"href":"https:\/\/www.inan.gov.py\/site\/index.php?rest_route=\/wp\/v2\/posts"}],"about":[{"href":"https:\/\/www.inan.gov.py\/site\/index.php?rest_route=\/wp\/v2\/types\/post"}],"author":[{"embeddable":true,"href":"https:\/\/www.inan.gov.py\/site\/index.php?rest_route=\/wp\/v2\/users\/2"}],"replies":[{"embeddable":true,"href":"https:\/\/www.inan.gov.py\/site\/index.php?rest_route=%2Fwp%2Fv2%2Fcomments&post=11707"}],"version-history":[{"count":1,"href":"https:\/\/www.inan.gov.py\/site\/index.php?rest_route=\/wp\/v2\/posts\/11707\/revisions"}],"predecessor-version":[{"id":11709,"href":"https:\/\/www.inan.gov.py\/site\/index.php?rest_route=\/wp\/v2\/posts\/11707\/revisions\/11709"}],"wp:attachment":[{"href":"https:\/\/www.inan.gov.py\/site\/index.php?rest_route=%2Fwp%2Fv2%2Fmedia&parent=11707"}],"wp:term":[{"taxonomy":"category","embeddable":true,"href":"https:\/\/www.inan.gov.py\/site\/index.php?rest_route=%2Fwp%2Fv2%2Fcategories&post=11707"},{"taxonomy":"post_tag","embeddable":true,"href":"https:\/\/www.inan.gov.py\/site\/index.php?rest_route=%2Fwp%2Fv2%2Ftags&post=11707"}],"curies":[{"name":"wp","href":"https:\/\/api.w.org\/{rel}","templated":true}]}}