{"id":1197,"date":"2018-07-19T17:08:59","date_gmt":"2018-07-19T17:08:59","guid":{"rendered":"http:\/\/www.inan.gov.py\/site\/?p=1197"},"modified":"2018-07-19T17:10:22","modified_gmt":"2018-07-19T17:10:22","slug":"culminacion-de-visita-tecnica-en-el-marco-de-la-encuesta-nacional-de-alimentacion-y-nutricion-enan","status":"publish","type":"post","link":"https:\/\/www.inan.gov.py\/site\/?p=1197","title":{"rendered":"Culminaci\u00f3n de visita t\u00e9cnica en el marco de la Encuesta Nacional de Alimentaci\u00f3n y Nutrici\u00f3n ENAN."},"content":{"rendered":"<p style=\"text-align: center;\"><img loading=\"lazy\" decoding=\"async\" class=\"alignnone size-full wp-image-1199\" src=\"http:\/\/www.inan.gov.py\/site\/wp-content\/uploads\/2018\/07\/ENAN1.jpg\" alt=\"ENAN1\" width=\"350\" height=\"233\" srcset=\"https:\/\/www.inan.gov.py\/site\/wp-content\/uploads\/2018\/07\/ENAN1.jpg 350w, https:\/\/www.inan.gov.py\/site\/wp-content\/uploads\/2018\/07\/ENAN1-300x200.jpg 300w\" sizes=\"auto, (max-width: 350px) 100vw, 350px\" \/><\/p>\n<p><strong>Culmin\u00f3 la visita t\u00e9cnica de la Consultoras internacionales de la Escuela de Nutrici\u00f3n y Diet\u00e9tica de la Universidad de Antioquia, en el Marco del Dise\u00f1o de la Encuesta Nacional de Alimentaci\u00f3n y Nutrici\u00f3n del Paraguay ENAN-Paraguay.<\/strong><\/p>\n<p>Desde el 28 de junio al 5 de julio de 2018, en el <strong>Sal\u00f3n Auditorio del Instituto Nacional de Alimentaci\u00f3n y Nutrici\u00f3n (INAN)<\/strong> se llev\u00f3 a cabo una intensa semana de trabajo entre t\u00e9cnicas del INAN y las consultoras internacionales <strong>Lic. Luz Manjarr\u00e9s Correa y Lic. Diana C\u00e1rdenas, de la Escuela de Nutrici\u00f3n y Diet\u00e9tica de la Universidad de Antioquia de Colombia.<\/strong><\/p>\n<p><img loading=\"lazy\" decoding=\"async\" class=\"alignnone size-full wp-image-1200\" src=\"http:\/\/www.inan.gov.py\/site\/wp-content\/uploads\/2018\/07\/ENAN2.jpg\" alt=\"ENAN2\" width=\"250\" height=\"167\" \/>\u00a0<img loading=\"lazy\" decoding=\"async\" class=\"alignnone size-full wp-image-1201\" src=\"http:\/\/www.inan.gov.py\/site\/wp-content\/uploads\/2018\/07\/ENAN3.jpg\" alt=\"ENAN3\" width=\"250\" height=\"167\" \/><\/p>\n<p>Durante estas jornadas, las expertas aportaron su vasta experiencia en encuestas alimentarias, acompa\u00f1ando pr\u00e1cticas en campo y otras actividades que en conjunto permitir\u00e1n estimar no s\u00f3lo el consumo alimentario de la poblaci\u00f3n paraguaya, sino tambi\u00e9n obtener informaci\u00f3n sociodemogr\u00e1fica, de seguridad alimentaria, alimentaci\u00f3n durante los primeros dos a\u00f1os de vida, estado nutricional por antropometr\u00eda y por par\u00e1metros bioqu\u00edmicos y el nivel de actividad f\u00edsica de la poblaci\u00f3n paraguaya.<\/p>\n<p><img loading=\"lazy\" decoding=\"async\" class=\"alignnone size-full wp-image-1203\" src=\"http:\/\/www.inan.gov.py\/site\/wp-content\/uploads\/2018\/07\/ENAN4.jpg\" alt=\"ENAN4\" width=\"250\" height=\"167\" \/>\u00a0<img loading=\"lazy\" decoding=\"async\" class=\"alignnone size-full wp-image-1204\" src=\"http:\/\/www.inan.gov.py\/site\/wp-content\/uploads\/2018\/07\/ENAN5.jpg\" alt=\"ENAN5\" width=\"250\" height=\"167\" \/><\/p>\n<p><img loading=\"lazy\" decoding=\"async\" class=\"alignnone size-full wp-image-1205\" src=\"http:\/\/www.inan.gov.py\/site\/wp-content\/uploads\/2018\/07\/ENAN6.jpg\" alt=\"ENAN6\" width=\"250\" height=\"167\" \/>\u00a0<img loading=\"lazy\" decoding=\"async\" class=\"alignnone size-full wp-image-1206\" src=\"http:\/\/www.inan.gov.py\/site\/wp-content\/uploads\/2018\/07\/ENAN7.jpg\" alt=\"ENAN7\" width=\"250\" height=\"167\" \/><\/p>\n<p>Estas actividades se llevaron a cabo en el marco del Proyecto \u201cDise\u00f1o, Elaboraci\u00f3n, Aplicaci\u00f3n y An\u00e1lisis del Componente de Ingesta Alimentaria en la Encuesta Nacional de Alimentaci\u00f3n y Nutrici\u00f3n de Paraguay\u201d, desarrollado en conjunto con la Agencia Presidencial de Cooperaci\u00f3n de Colombia (APC-Colombia).<\/p>\n<p><img loading=\"lazy\" decoding=\"async\" class=\"alignnone size-full wp-image-1207\" src=\"http:\/\/www.inan.gov.py\/site\/wp-content\/uploads\/2018\/07\/ENAN8.jpg\" alt=\"ENAN8\" width=\"250\" height=\"167\" \/>\u00a0<img loading=\"lazy\" decoding=\"async\" class=\"alignnone size-full wp-image-1208\" src=\"http:\/\/www.inan.gov.py\/site\/wp-content\/uploads\/2018\/07\/ENAN10.jpg\" alt=\"ENAN10\" width=\"250\" height=\"167\" \/><\/p>\n<p>Estas jornadas de trabajo se llevaron a cabo con la cooperaci\u00f3n y apoyo t\u00e9cnico de la FAO y de la Direcci\u00f3n General de Estad\u00edstica, Encuestas y Censos (DGEEC).<\/p>\n<p>Para m\u00e1s informe contactar con el 282-790, con la Lic. Celia Masi.<\/p>\n","protected":false},"excerpt":{"rendered":"<p>Culmin\u00f3 la visita t\u00e9cnica de la Consultoras internacionales de la Escuela de Nutrici\u00f3n y Diet\u00e9tica de la Universidad de Antioquia, en el Marco del Dise\u00f1o de la Encuesta Nacional de Alimentaci\u00f3n y Nutrici\u00f3n del Paraguay ENAN-Paraguay. Desde el 28 de junio al 5 de julio de 2018, en el Sal\u00f3n Auditorio del Instituto Nacional de &hellip; <\/p>\n<p><a class=\"more-link btn\" href=\"https:\/\/www.inan.gov.py\/site\/?p=1197\">Seguir leyendo<\/a><\/p>\n","protected":false},"author":2,"featured_media":0,"comment_status":"closed","ping_status":"closed","sticky":false,"template":"","format":"standard","meta":{"footnotes":""},"categories":[4],"tags":[],"class_list":["post-1197","post","type-post","status-publish","format-standard","hentry","category-novedades","nodate","item-wrap"],"_links":{"self":[{"href":"https:\/\/www.inan.gov.py\/site\/index.php?rest_route=\/wp\/v2\/posts\/1197","targetHints":{"allow":["GET"]}}],"collection":[{"href":"https:\/\/www.inan.gov.py\/site\/index.php?rest_route=\/wp\/v2\/posts"}],"about":[{"href":"https:\/\/www.inan.gov.py\/site\/index.php?rest_route=\/wp\/v2\/types\/post"}],"author":[{"embeddable":true,"href":"https:\/\/www.inan.gov.py\/site\/index.php?rest_route=\/wp\/v2\/users\/2"}],"replies":[{"embeddable":true,"href":"https:\/\/www.inan.gov.py\/site\/index.php?rest_route=%2Fwp%2Fv2%2Fcomments&post=1197"}],"version-history":[{"count":2,"href":"https:\/\/www.inan.gov.py\/site\/index.php?rest_route=\/wp\/v2\/posts\/1197\/revisions"}],"predecessor-version":[{"id":1209,"href":"https:\/\/www.inan.gov.py\/site\/index.php?rest_route=\/wp\/v2\/posts\/1197\/revisions\/1209"}],"wp:attachment":[{"href":"https:\/\/www.inan.gov.py\/site\/index.php?rest_route=%2Fwp%2Fv2%2Fmedia&parent=1197"}],"wp:term":[{"taxonomy":"category","embeddable":true,"href":"https:\/\/www.inan.gov.py\/site\/index.php?rest_route=%2Fwp%2Fv2%2Fcategories&post=1197"},{"taxonomy":"post_tag","embeddable":true,"href":"https:\/\/www.inan.gov.py\/site\/index.php?rest_route=%2Fwp%2Fv2%2Ftags&post=1197"}],"curies":[{"name":"wp","href":"https:\/\/api.w.org\/{rel}","templated":true}]}}