{"id":1225,"date":"2018-07-23T17:18:17","date_gmt":"2018-07-23T17:18:17","guid":{"rendered":"http:\/\/www.inan.gov.py\/site\/?p=1225"},"modified":"2018-09-18T18:14:13","modified_gmt":"2018-09-18T18:14:13","slug":"nueva-convocatoria-jornada-actualizacion-guias-alimentarias-familia-y-menor-2-anos","status":"publish","type":"post","link":"https:\/\/www.inan.gov.py\/site\/?p=1225","title":{"rendered":"Lista Seleccionados Actualizaci\u00f3n Gu\u00edas Alimentarias 22 al 24 de Agosto de 2018"},"content":{"rendered":"<p style=\"text-align: left;\"><strong>Se presenta la Lista de seleccionados para la <\/strong><strong>JORNADA DE ACTUALIZACI\u00d3N\u00a0 EN GUIAS ALIMENTARIAS DEL PARAGUAY Y GUIAS ALIMENTARIAS\u00a0\u00a0<\/strong><strong>PARA NI\u00d1AS Y NI\u00d1OS MENORES DE 2 A\u00d1OS, a ser realizada del 22 al 24 de Agosto de 2018.\u00a0<\/strong><\/p>\n<table width=\"323\">\n<tbody>\n<tr>\n<td width=\"243\">Nombre<\/td>\n<td width=\"80\">N\u00ba Cedula<\/td>\n<\/tr>\n<tr>\n<td>Cristel Iona Kennedy Cuevas<\/td>\n<td>4.008.663<\/td>\n<\/tr>\n<tr>\n<td>Eliana Claudelina Ledesma Posteguillo<\/td>\n<td>4.438.509<\/td>\n<\/tr>\n<tr>\n<td>Sandra Franco Fari\u00f1a<\/td>\n<td>3.207.318<\/td>\n<\/tr>\n<tr>\n<td>Analia Amelia N\u00fa\u00f1ez Quintana<\/td>\n<td>2.496.446<\/td>\n<\/tr>\n<tr>\n<td>Luz Marina Insfran<\/td>\n<td>2.181.647<\/td>\n<\/tr>\n<tr>\n<td>Zulema Noemi Gimenez<\/td>\n<td>3.725.161<\/td>\n<\/tr>\n<tr>\n<td>Fatima Monserrat Ibarra<\/td>\n<td>4.901.165<\/td>\n<\/tr>\n<tr>\n<td>Ana Maria Fernandez<\/td>\n<td>4.006.814<\/td>\n<\/tr>\n<tr>\n<td>Zoraida Ramona Barreto<\/td>\n<td>3.673.279<\/td>\n<\/tr>\n<tr>\n<td>Mirtha Rios<\/td>\n<td>3.670.000<\/td>\n<\/tr>\n<tr>\n<td>Paola Alvarez<\/td>\n<td>4.195.895<\/td>\n<\/tr>\n<tr>\n<td>Isaura Gamarra<\/td>\n<td>3.796.762<\/td>\n<\/tr>\n<tr>\n<td>Ana Rosa Ruiz<\/td>\n<td>608.530<\/td>\n<\/tr>\n<tr>\n<td>Silvana Rotela<\/td>\n<td>3.983.770<\/td>\n<\/tr>\n<tr>\n<td>Mara Anahi Duarte<\/td>\n<td>4.877.688<\/td>\n<\/tr>\n<tr>\n<td>Maria Alejandra Baez<\/td>\n<td>4.002.294<\/td>\n<\/tr>\n<tr>\n<td>Cynthia Mariela Garcete<\/td>\n<td>2.288.134<\/td>\n<\/tr>\n<tr>\n<td>Luz Marian Lopez<\/td>\n<td>2.496.427<\/td>\n<\/tr>\n<tr>\n<td>Eileen Yaninne Mosqueira<\/td>\n<td>2.206.229<\/td>\n<\/tr>\n<tr>\n<td>Veronica Salina<\/td>\n<td>4.498.026<\/td>\n<\/tr>\n<tr>\n<td>Lucia karina Cantero<\/td>\n<td>3.789.915<\/td>\n<\/tr>\n<tr>\n<td>Carmen Yudith Barreto<\/td>\n<td>1.867.167<\/td>\n<\/tr>\n<tr>\n<td>Castorina Vargas<\/td>\n<td>816.794<\/td>\n<\/tr>\n<tr>\n<td>Eliada\u00a0 Arrua<\/td>\n<td>3.556.782<\/td>\n<\/tr>\n<tr>\n<td>Estela Qui\u00f1onez<\/td>\n<td>481.040<\/td>\n<\/tr>\n<tr>\n<td>Rosa Ovelar<\/td>\n<td>3.378.582<\/td>\n<\/tr>\n<tr>\n<td>Ana Davalos<\/td>\n<td>4.790.675<\/td>\n<\/tr>\n<tr>\n<td>Sol Lopez<\/td>\n<td>2.501.507<\/td>\n<\/tr>\n<tr>\n<td>Gladys Rolon<\/td>\n<td>1.183.622<\/td>\n<\/tr>\n<tr>\n<td>Laura Caceres<\/td>\n<td>3.771.844<\/td>\n<\/tr>\n<tr>\n<td>Lazaro Luis Benitez<\/td>\n<td>786.050<\/td>\n<\/tr>\n<tr>\n<td>Patricia Margarita Paredes<\/td>\n<td>2.496.143<\/td>\n<\/tr>\n<tr>\n<td>Pamela Isabel Irala<\/td>\n<td>4.933.929<\/td>\n<\/tr>\n<tr>\n<td>Mariela Vazquez<\/td>\n<td>2.801.779<\/td>\n<\/tr>\n<tr>\n<td>Maria Lorena Caballero<\/td>\n<td>4.763.838<\/td>\n<\/tr>\n<tr>\n<td>Maria Luciana Gomez<\/td>\n<td>3.202.789<\/td>\n<\/tr>\n<tr>\n<td>Gloria Elizabeth Zarate<\/td>\n<td>1.731.833<\/td>\n<\/tr>\n<tr>\n<td>Lilian Carolina Gonzales<\/td>\n<td>4.318.891<\/td>\n<\/tr>\n<tr>\n<td>Liz Lorena Amarilla<\/td>\n<td>5.774.093<\/td>\n<\/tr>\n<\/tbody>\n<\/table>\n<p style=\"text-align: left;\">El\u00a0<strong>Instituto Nacional de Alimentaci\u00f3n y Nutrici\u00f3n (INAN),<\/strong>\u00a0convoca a Profesionales recibidos de Educaci\u00f3n y Salud, que se encuentren\u00a0<strong>trabajando en hospitales, \u00e1reas de salud p\u00fablica y educaci\u00f3n<\/strong>\u00a0a postular para la Jornada de Actualizaci\u00f3n abierta en\u00a0<strong><em>Gu\u00edas Alimentarias del Paraguay y Gu\u00edas Alimentarias para Ni\u00f1as y Ni\u00f1os Menor de 2 A\u00f1os\u00a0<\/em><\/strong>a realizarse los d\u00edas:<\/p>\n<table class=\" alignright\">\n<tbody>\n<tr>\n<td width=\"82\">Fecha<\/td>\n<td width=\"123\">Horario<\/td>\n<td width=\"140\">Local<\/td>\n<td width=\"175\">Dirigido a<\/td>\n<td width=\"128\">Fecha l\u00edmite de inscripci\u00f3n<\/td>\n<\/tr>\n<tr>\n<td width=\"82\"><strong>22 al 24 de Agosto de 2018<\/strong><\/td>\n<td width=\"123\">07:30 a 13:00 hs<\/td>\n<td width=\"140\">Sal\u00f3n Auditorio INAN<\/td>\n<td width=\"175\">Profesionales recibidos de Educaci\u00f3n y Salud<\/td>\n<td width=\"128\"><strong><em>Viernes 17 de Agosto hasta las 13:00 hs<\/em><\/strong><\/td>\n<\/tr>\n<\/tbody>\n<\/table>\n<p style=\"text-align: right;\">Las\u00a0<strong>Gu\u00edas Alimentarias<\/strong>, elaboradas por el\u00a0<strong>Comit\u00e9 T\u00e9cnico Interdisciplinario e Interinstitucional, (<\/strong>Decreto N\u00b05457) son herramientas pr\u00e1cticas que facilitan la selecci\u00f3n adecuada de una alimentaci\u00f3n saludable. Cabe mencionar que su implementaci\u00f3n tiene su inicio desde el a\u00f1o 2004 y la actualizaci\u00f3n del material se realiz\u00f3 en el a\u00f1o 2013 al 2014.<\/p>\n<p style=\"text-align: right;\">El objetivo de las jornadas es compartir la informaci\u00f3n actualizada contenida en las mismas, \u00a0para su difusi\u00f3n en los \u00e1mbitos de intervenci\u00f3n que corresponda.<\/p>\n<p style=\"text-align: right;\">Para postular los participantes deber\u00e1n remitir la ficha de postulaci\u00f3n completa (<a href=\"https:\/\/drive.google.com\/file\/d\/1mjWUPynbgsfUayLez_y45HGguCfxvdFR\/view?usp=sharing\">descargar Ficha de Postulaci\u00f3n<\/a>\u00a0) hasta la fecha l\u00edmite que aparece en el cuadro y remitirlo al correo\u00a0<u>iec.inan@gmail.com<\/u>. Cabe mencionar que la jornada\u00a0<strong><em>no tendr\u00e1 costo<\/em><\/strong>, pero se solicita a los participantes que traigan una fruta para compartir como refrigerio.<\/p>\n<p style=\"text-align: right;\">Para m\u00e1s informes contactar al 282 790 interno 631<\/p>\n<p style=\"text-align: right;\"><strong><u>\u00a0<\/u><\/strong><\/p>\n<p style=\"text-align: right;\"><strong>Fecha:<\/strong>\u00a022 al 24 de Agosto de 2018 (3 d\u00edas consecutivos)<\/p>\n<p style=\"text-align: right;\"><strong>Horario:<\/strong>\u00a007:30 a 13:00 hs<\/p>\n<p style=\"text-align: right;\"><strong>Local:<\/strong>\u00a0Sal\u00f3n Auditorio INAN<\/p>\n<p style=\"text-align: right;\"><strong>Dirigido a:<\/strong>\u00a0Profesionales recibidos de Educaci\u00f3n y Salud<\/p>\n<p style=\"text-align: right;\"><strong>Fecha l\u00edmite de inscripci\u00f3n:<\/strong>\u00a0Viernes 17 de Agosto hasta las 13: 00 hs<\/p>\n","protected":false},"excerpt":{"rendered":"<p>Se presenta la Lista de seleccionados para la JORNADA DE ACTUALIZACI\u00d3N\u00a0 EN GUIAS ALIMENTARIAS DEL PARAGUAY Y GUIAS ALIMENTARIAS\u00a0\u00a0PARA NI\u00d1AS Y NI\u00d1OS MENORES DE 2 A\u00d1OS, a ser realizada del 22 al 24 de Agosto de 2018.\u00a0 Nombre N\u00ba Cedula Cristel Iona Kennedy Cuevas 4.008.663 Eliana Claudelina Ledesma Posteguillo 4.438.509 Sandra Franco Fari\u00f1a 3.207.318 Analia &hellip; <\/p>\n<p><a class=\"more-link btn\" href=\"https:\/\/www.inan.gov.py\/site\/?p=1225\">Seguir leyendo<\/a><\/p>\n","protected":false},"author":2,"featured_media":0,"comment_status":"closed","ping_status":"closed","sticky":false,"template":"","format":"standard","meta":{"footnotes":""},"categories":[4],"tags":[],"class_list":["post-1225","post","type-post","status-publish","format-standard","hentry","category-novedades","nodate","item-wrap"],"_links":{"self":[{"href":"https:\/\/www.inan.gov.py\/site\/index.php?rest_route=\/wp\/v2\/posts\/1225","targetHints":{"allow":["GET"]}}],"collection":[{"href":"https:\/\/www.inan.gov.py\/site\/index.php?rest_route=\/wp\/v2\/posts"}],"about":[{"href":"https:\/\/www.inan.gov.py\/site\/index.php?rest_route=\/wp\/v2\/types\/post"}],"author":[{"embeddable":true,"href":"https:\/\/www.inan.gov.py\/site\/index.php?rest_route=\/wp\/v2\/users\/2"}],"replies":[{"embeddable":true,"href":"https:\/\/www.inan.gov.py\/site\/index.php?rest_route=%2Fwp%2Fv2%2Fcomments&post=1225"}],"version-history":[{"count":8,"href":"https:\/\/www.inan.gov.py\/site\/index.php?rest_route=\/wp\/v2\/posts\/1225\/revisions"}],"predecessor-version":[{"id":1279,"href":"https:\/\/www.inan.gov.py\/site\/index.php?rest_route=\/wp\/v2\/posts\/1225\/revisions\/1279"}],"wp:attachment":[{"href":"https:\/\/www.inan.gov.py\/site\/index.php?rest_route=%2Fwp%2Fv2%2Fmedia&parent=1225"}],"wp:term":[{"taxonomy":"category","embeddable":true,"href":"https:\/\/www.inan.gov.py\/site\/index.php?rest_route=%2Fwp%2Fv2%2Fcategories&post=1225"},{"taxonomy":"post_tag","embeddable":true,"href":"https:\/\/www.inan.gov.py\/site\/index.php?rest_route=%2Fwp%2Fv2%2Ftags&post=1225"}],"curies":[{"name":"wp","href":"https:\/\/api.w.org\/{rel}","templated":true}]}}