{"id":12267,"date":"2025-06-02T15:06:49","date_gmt":"2025-06-02T15:06:49","guid":{"rendered":"https:\/\/www.inan.gov.py\/site\/?p=12267"},"modified":"2025-06-06T17:51:24","modified_gmt":"2025-06-06T17:51:24","slug":"supervision-y-capacitacion-en-la-x-region-sanitaria","status":"publish","type":"post","link":"https:\/\/www.inan.gov.py\/site\/?p=12267","title":{"rendered":"Supervisi\u00f3n y capacitaci\u00f3n en la X Regi\u00f3n Sanitaria"},"content":{"rendered":"<p style=\"text-align: center;\"><img loading=\"lazy\" decoding=\"async\" class=\"alignleft wp-image-12273\" src=\"https:\/\/www.inan.gov.py\/site\/wp-content\/uploads\/2025\/06\/cde20254.jpg\" alt=\"\" width=\"250\" height=\"165\" srcset=\"https:\/\/www.inan.gov.py\/site\/wp-content\/uploads\/2025\/06\/cde20254.jpg 521w, https:\/\/www.inan.gov.py\/site\/wp-content\/uploads\/2025\/06\/cde20254-300x198.jpg 300w\" sizes=\"auto, (max-width: 250px) 100vw, 250px\" \/><\/p>\n<p>En vista de los objetivos delineados por el <strong>Programa Alimentario Nutricional Integral (PANI)<\/strong>, con el prop\u00f3sito de mejorar la gesti\u00f3n del programa y aumentar la cobertura de usuarios, garantizando la inclusi\u00f3n de la poblaci\u00f3n m\u00e1s vulnerable, de acuerdo con lo establecido en la <strong>Ley N\u00b04698\/2012 DE GARANT\u00cdA NUTRICIONAL EN LA PRIMERA INFANCIA<\/strong>; se llev\u00f3 a cabo una supervisi\u00f3n capacitante, as\u00ed como una capacitaci\u00f3n al personal de salud de la <strong>X Regi\u00f3n Sanitaria, Alto Paran\u00e1<\/strong> en cuanto a las directrices para la correcta implementaci\u00f3n del <strong>Programa PANI<\/strong> y el <strong>Sistema de Vigilancia Alimentaria Nutricional &#8211; SISVAN<\/strong>.<\/p>\n<p><!--more--><\/p>\n<p style=\"text-align: center;\"><img loading=\"lazy\" decoding=\"async\" class=\"alignnone wp-image-12271\" src=\"https:\/\/www.inan.gov.py\/site\/wp-content\/uploads\/2025\/06\/cde4.jpg\" alt=\"\" width=\"600\" height=\"303\" srcset=\"https:\/\/www.inan.gov.py\/site\/wp-content\/uploads\/2025\/06\/cde4.jpg 628w, https:\/\/www.inan.gov.py\/site\/wp-content\/uploads\/2025\/06\/cde4-300x151.jpg 300w\" sizes=\"auto, (max-width: 600px) 100vw, 600px\" \/><\/p>\n<p>El equipo t\u00e9cnico del <strong>Instituto Nacional de Alimentaci\u00f3n y Nutrici\u00f3n (INAN)<\/strong> efectu\u00f3 esta supervisi\u00f3n, en la <strong>Unidad de Salud de la Familia Nuestra Se\u00f1ora de la Asunci\u00f3n<\/strong>, de la cuidad de <strong>Hernandarias<\/strong>. La supervisi\u00f3n consisti\u00f3 en la revisi\u00f3n exhaustiva de los registros y documentos propios del programa, el fortalecimiento de los criterios de evaluaci\u00f3n, la verificaci\u00f3n de los instrumentos de evaluaci\u00f3n y de la infraestructura del servicio, as\u00ed como tambi\u00e9n el seguimiento de las directrices del programa.<\/p>\n<p style=\"text-align: center;\"><img loading=\"lazy\" decoding=\"async\" class=\"alignnone wp-image-12270\" src=\"https:\/\/www.inan.gov.py\/site\/wp-content\/uploads\/2025\/06\/cde20253.jpg\" alt=\"\" width=\"600\" height=\"214\" srcset=\"https:\/\/www.inan.gov.py\/site\/wp-content\/uploads\/2025\/06\/cde20253.jpg 812w, https:\/\/www.inan.gov.py\/site\/wp-content\/uploads\/2025\/06\/cde20253-300x107.jpg 300w, https:\/\/www.inan.gov.py\/site\/wp-content\/uploads\/2025\/06\/cde20253-768x274.jpg 768w, https:\/\/www.inan.gov.py\/site\/wp-content\/uploads\/2025\/06\/cde20253-750x268.jpg 750w\" sizes=\"auto, (max-width: 600px) 100vw, 600px\" \/><\/p>\n<p>En la tercera semana de mayo del corriente, se realiz\u00f3 una jornada de capacitaci\u00f3n con el apoyo del <strong>Grupo de Trabajo de Salud (GT Salud)<\/strong> de la<strong> Itaip\u00fa Binacional<\/strong> y bajo la coordinaci\u00f3n del equipo de <strong>Nutrici\u00f3n de la X Regi\u00f3n Sanitaria \u2013 Alto Paran\u00e1<\/strong>. La actividad tuvo lugar en el sal\u00f3n auditorio del Hotel Marambaia y cont\u00f3 con la presencia del equipo t\u00e9cnico del <strong>INAN<\/strong>, as\u00ed como de m\u00e1s de 100 funcionarios del \u00e1rea de salud, entre ellos agentes comunitarios, m\u00e9dicos rurales, encargados de servicios que implementan los programas <strong>PANI<\/strong> y <strong>SISVAN<\/strong>, responsables distritales y la encargada regional de los programas y estrategias nutricionales de dicha regi\u00f3n.<\/p>\n<p style=\"text-align: center;\"><img loading=\"lazy\" decoding=\"async\" class=\"alignnone wp-image-12268\" src=\"https:\/\/www.inan.gov.py\/site\/wp-content\/uploads\/2025\/06\/cde20251.jpg\" alt=\"\" width=\"600\" height=\"575\" srcset=\"https:\/\/www.inan.gov.py\/site\/wp-content\/uploads\/2025\/06\/cde20251.jpg 908w, https:\/\/www.inan.gov.py\/site\/wp-content\/uploads\/2025\/06\/cde20251-300x287.jpg 300w, https:\/\/www.inan.gov.py\/site\/wp-content\/uploads\/2025\/06\/cde20251-768x736.jpg 768w, https:\/\/www.inan.gov.py\/site\/wp-content\/uploads\/2025\/06\/cde20251-750x719.jpg 750w\" sizes=\"auto, (max-width: 600px) 100vw, 600px\" \/><\/p>\n<p>Es digno de destacar el compromiso evidenciado por parte del personal de salud y los responsables de la Regi\u00f3n Sanitaria, lo cual se constituye como una fortaleza en el cumplimiento de los objetivos del programa.<\/p>\n<p style=\"text-align: center;\"><img loading=\"lazy\" decoding=\"async\" class=\"alignnone wp-image-12269\" src=\"https:\/\/www.inan.gov.py\/site\/wp-content\/uploads\/2025\/06\/cde20252.jpg\" alt=\"\" width=\"600\" height=\"259\" srcset=\"https:\/\/www.inan.gov.py\/site\/wp-content\/uploads\/2025\/06\/cde20252.jpg 833w, https:\/\/www.inan.gov.py\/site\/wp-content\/uploads\/2025\/06\/cde20252-300x129.jpg 300w, https:\/\/www.inan.gov.py\/site\/wp-content\/uploads\/2025\/06\/cde20252-768x331.jpg 768w, https:\/\/www.inan.gov.py\/site\/wp-content\/uploads\/2025\/06\/cde20252-750x323.jpg 750w\" sizes=\"auto, (max-width: 600px) 100vw, 600px\" \/><\/p>\n","protected":false},"excerpt":{"rendered":"<p>En vista de los objetivos delineados por el Programa Alimentario Nutricional Integral (PANI), con el prop\u00f3sito de mejorar la gesti\u00f3n del programa y aumentar la cobertura de usuarios, garantizando la inclusi\u00f3n de la poblaci\u00f3n m\u00e1s vulnerable, de acuerdo con lo establecido en la Ley N\u00b04698\/2012 DE GARANT\u00cdA NUTRICIONAL EN LA PRIMERA INFANCIA; se llev\u00f3 a &hellip; <\/p>\n<p><a class=\"more-link btn\" href=\"https:\/\/www.inan.gov.py\/site\/?p=12267\">Seguir leyendo<\/a><\/p>\n","protected":false},"author":2,"featured_media":0,"comment_status":"closed","ping_status":"closed","sticky":false,"template":"","format":"standard","meta":{"footnotes":""},"categories":[4],"tags":[],"class_list":["post-12267","post","type-post","status-publish","format-standard","hentry","category-novedades","nodate","item-wrap"],"_links":{"self":[{"href":"https:\/\/www.inan.gov.py\/site\/index.php?rest_route=\/wp\/v2\/posts\/12267","targetHints":{"allow":["GET"]}}],"collection":[{"href":"https:\/\/www.inan.gov.py\/site\/index.php?rest_route=\/wp\/v2\/posts"}],"about":[{"href":"https:\/\/www.inan.gov.py\/site\/index.php?rest_route=\/wp\/v2\/types\/post"}],"author":[{"embeddable":true,"href":"https:\/\/www.inan.gov.py\/site\/index.php?rest_route=\/wp\/v2\/users\/2"}],"replies":[{"embeddable":true,"href":"https:\/\/www.inan.gov.py\/site\/index.php?rest_route=%2Fwp%2Fv2%2Fcomments&post=12267"}],"version-history":[{"count":4,"href":"https:\/\/www.inan.gov.py\/site\/index.php?rest_route=\/wp\/v2\/posts\/12267\/revisions"}],"predecessor-version":[{"id":12277,"href":"https:\/\/www.inan.gov.py\/site\/index.php?rest_route=\/wp\/v2\/posts\/12267\/revisions\/12277"}],"wp:attachment":[{"href":"https:\/\/www.inan.gov.py\/site\/index.php?rest_route=%2Fwp%2Fv2%2Fmedia&parent=12267"}],"wp:term":[{"taxonomy":"category","embeddable":true,"href":"https:\/\/www.inan.gov.py\/site\/index.php?rest_route=%2Fwp%2Fv2%2Fcategories&post=12267"},{"taxonomy":"post_tag","embeddable":true,"href":"https:\/\/www.inan.gov.py\/site\/index.php?rest_route=%2Fwp%2Fv2%2Ftags&post=12267"}],"curies":[{"name":"wp","href":"https:\/\/api.w.org\/{rel}","templated":true}]}}