{"id":1244,"date":"2018-07-27T20:15:53","date_gmt":"2018-07-27T20:15:53","guid":{"rendered":"http:\/\/www.inan.gov.py\/site\/?p=1244"},"modified":"2018-07-27T20:15:53","modified_gmt":"2018-07-27T20:15:53","slug":"lista-de-seleccionados-jornada-miercoles-1-de-agosto-de-2018-actualizacion-reglamentaciones-obtencion-r-s-p-a","status":"publish","type":"post","link":"https:\/\/www.inan.gov.py\/site\/?p=1244","title":{"rendered":"Lista de seleccionados Jornada Mi\u00e9rcoles 1 de Agosto de 2018, Actualizaci\u00f3n Reglamentaciones obtenci\u00f3n R.S.P.A."},"content":{"rendered":"<p><strong>Lista de seleccionados Jornada Mi\u00e9rcoles 1 de Agosto de 2018,<\/strong><\/p>\n<p><em>Se solicita a los seleccionados confirmar asistencia\u00a0 al correo\u00a0<\/em><a href=\"mailto:capacitacioninanpy@gmail.com\"><em>capacitacioninanpy@gmail.com<\/em><\/a><em>\u00a0hasta el lunes 30 de Julio a las 12:00 hs, de no cumplir con las condiciones establecidas, las seleccionadas no ser\u00e1n consideradas para las dem\u00e1s jornadas de capacitaciones y\/o actualizaciones realizadas por la instituci\u00f3n.<\/em><\/p>\n<p>&nbsp;<\/p>\n<table>\n<tbody>\n<tr>\n<td width=\"30\"><strong>N\u00b0<\/strong><\/td>\n<td width=\"198\"><strong>Nombre y Apellido<\/strong><\/td>\n<td width=\"104\"><strong>\u00a0N\u00b0 de C\u00e9dula<\/strong><\/td>\n<\/tr>\n<tr>\n<td width=\"30\">1<\/td>\n<td width=\"198\">Jenny Acosta<\/td>\n<td width=\"104\">2142887<\/td>\n<\/tr>\n<tr>\n<td width=\"30\">2<\/td>\n<td width=\"198\">Eva Candia<\/td>\n<td width=\"104\">681521<\/td>\n<\/tr>\n<tr>\n<td width=\"30\">3<\/td>\n<td width=\"198\">Mar\u00eda Beatriz L\u00f3pez<\/td>\n<td width=\"104\">1165453<\/td>\n<\/tr>\n<tr>\n<td width=\"30\">4<\/td>\n<td width=\"198\">Gloria Rojas de Alvarenga<\/td>\n<td width=\"104\">821082<\/td>\n<\/tr>\n<tr>\n<td width=\"30\">5<\/td>\n<td width=\"198\">Clidee Susana Bogar\u00edn<\/td>\n<td width=\"104\">2125784<\/td>\n<\/tr>\n<tr>\n<td width=\"30\">6<\/td>\n<td width=\"198\">Cintia Milena Mart\u00ednez<\/td>\n<td width=\"104\">2462151<\/td>\n<\/tr>\n<tr>\n<td width=\"30\">7<\/td>\n<td width=\"198\">Andrea Paola Vargas<\/td>\n<td width=\"104\">3995907<\/td>\n<\/tr>\n<tr>\n<td width=\"30\">8<\/td>\n<td width=\"198\">Edgar Carmona<\/td>\n<td width=\"104\">1892228<\/td>\n<\/tr>\n<tr>\n<td width=\"30\">11<\/td>\n<td width=\"198\">Carmen Pozzo<\/td>\n<td width=\"104\">910656<\/td>\n<\/tr>\n<tr>\n<td width=\"30\">10<\/td>\n<td width=\"198\">Ana Mar\u00eda Vargas<\/td>\n<td width=\"104\">1479248<\/td>\n<\/tr>\n<tr>\n<td width=\"30\">11<\/td>\n<td width=\"198\">Mar\u00eda Isabel Gim\u00e9nez<\/td>\n<td width=\"104\">3176256<\/td>\n<\/tr>\n<tr>\n<td width=\"30\">12<\/td>\n<td width=\"198\">Adriana Mar\u00eda D\u00edaz<\/td>\n<td width=\"104\">5408401<\/td>\n<\/tr>\n<tr>\n<td width=\"30\">13<\/td>\n<td width=\"198\">Eloisa Lujan<\/td>\n<td width=\"104\">3957269<\/td>\n<\/tr>\n<tr>\n<td width=\"30\">14<\/td>\n<td width=\"198\">Gisselle Vaesken<\/td>\n<td width=\"104\">3397949<\/td>\n<\/tr>\n<tr>\n<td width=\"30\">15<\/td>\n<td width=\"198\">Clara Alarc\u00f3n<\/td>\n<td width=\"104\">2054773<\/td>\n<\/tr>\n<tr>\n<td width=\"30\">16<\/td>\n<td width=\"198\">Griselda Elisa Yelsi<\/td>\n<td width=\"104\">923107<\/td>\n<\/tr>\n<tr>\n<td width=\"30\">17<\/td>\n<td width=\"198\">Ingrid Gregoria Arriola<\/td>\n<td width=\"104\">4013228<\/td>\n<\/tr>\n<tr>\n<td width=\"30\">18<\/td>\n<td width=\"198\">Ada Gonz\u00e1lez<\/td>\n<td width=\"104\">1711071<\/td>\n<\/tr>\n<tr>\n<td width=\"30\">19<\/td>\n<td width=\"198\">Carolina Gonz\u00e1lez de Serv\u00edn<\/td>\n<td width=\"104\">670648<\/td>\n<\/tr>\n<tr>\n<td width=\"30\">20<\/td>\n<td width=\"198\">Aurea Estefan\u00eda Rivas<\/td>\n<td width=\"104\">4286771<\/td>\n<\/tr>\n<tr>\n<td width=\"30\">21<\/td>\n<td width=\"198\">Liliana Luisa Barrios<\/td>\n<td width=\"104\">1643667<\/td>\n<\/tr>\n<tr>\n<td width=\"30\">22<\/td>\n<td width=\"198\">Laura Raquel Cabrera<\/td>\n<td width=\"104\">4749406<\/td>\n<\/tr>\n<tr>\n<td width=\"30\">23<\/td>\n<td width=\"198\">Sandra Carolina Valdez<\/td>\n<td width=\"104\">3006855<\/td>\n<\/tr>\n<tr>\n<td width=\"30\">24<\/td>\n<td width=\"198\">Diana Ozuna<\/td>\n<td width=\"104\">3377503<\/td>\n<\/tr>\n<tr>\n<td width=\"30\">25<\/td>\n<td width=\"198\">Gabriela Recalde Carballo<\/td>\n<td width=\"104\">4689740<\/td>\n<\/tr>\n<tr>\n<td width=\"30\">26<\/td>\n<td width=\"198\">Julio Daniel Olmedo<\/td>\n<td width=\"104\">3383198<\/td>\n<\/tr>\n<tr>\n<td width=\"30\">27<\/td>\n<td width=\"198\">Elida Br\u00edtez Ayala<\/td>\n<td width=\"104\">5186743<\/td>\n<\/tr>\n<tr>\n<td width=\"30\">28<\/td>\n<td width=\"198\">Hugo C\u00e1ceres Florent\u00edn<\/td>\n<td width=\"104\">5382987<\/td>\n<\/tr>\n<tr>\n<td width=\"30\">29<\/td>\n<td width=\"198\">Mar\u00eda Irene Gonz\u00e1lez<\/td>\n<td width=\"104\">648357<\/td>\n<\/tr>\n<tr>\n<td width=\"30\">30<\/td>\n<td width=\"198\">Daisy Sosa<\/td>\n<td width=\"104\">648196<\/td>\n<\/tr>\n<\/tbody>\n<\/table>\n","protected":false},"excerpt":{"rendered":"<p>Lista de seleccionados Jornada Mi\u00e9rcoles 1 de Agosto de 2018, Se solicita a los seleccionados confirmar asistencia\u00a0 al correo\u00a0capacitacioninanpy@gmail.com\u00a0hasta el lunes 30 de Julio a las 12:00 hs, de no cumplir con las condiciones establecidas, las seleccionadas no ser\u00e1n consideradas para las dem\u00e1s jornadas de capacitaciones y\/o actualizaciones realizadas por la instituci\u00f3n. &nbsp; N\u00b0 Nombre &hellip; <\/p>\n<p><a class=\"more-link btn\" href=\"https:\/\/www.inan.gov.py\/site\/?p=1244\">Seguir leyendo<\/a><\/p>\n","protected":false},"author":2,"featured_media":0,"comment_status":"closed","ping_status":"closed","sticky":false,"template":"","format":"standard","meta":{"footnotes":""},"categories":[4],"tags":[],"class_list":["post-1244","post","type-post","status-publish","format-standard","hentry","category-novedades","nodate","item-wrap"],"_links":{"self":[{"href":"https:\/\/www.inan.gov.py\/site\/index.php?rest_route=\/wp\/v2\/posts\/1244","targetHints":{"allow":["GET"]}}],"collection":[{"href":"https:\/\/www.inan.gov.py\/site\/index.php?rest_route=\/wp\/v2\/posts"}],"about":[{"href":"https:\/\/www.inan.gov.py\/site\/index.php?rest_route=\/wp\/v2\/types\/post"}],"author":[{"embeddable":true,"href":"https:\/\/www.inan.gov.py\/site\/index.php?rest_route=\/wp\/v2\/users\/2"}],"replies":[{"embeddable":true,"href":"https:\/\/www.inan.gov.py\/site\/index.php?rest_route=%2Fwp%2Fv2%2Fcomments&post=1244"}],"version-history":[{"count":3,"href":"https:\/\/www.inan.gov.py\/site\/index.php?rest_route=\/wp\/v2\/posts\/1244\/revisions"}],"predecessor-version":[{"id":1247,"href":"https:\/\/www.inan.gov.py\/site\/index.php?rest_route=\/wp\/v2\/posts\/1244\/revisions\/1247"}],"wp:attachment":[{"href":"https:\/\/www.inan.gov.py\/site\/index.php?rest_route=%2Fwp%2Fv2%2Fmedia&parent=1244"}],"wp:term":[{"taxonomy":"category","embeddable":true,"href":"https:\/\/www.inan.gov.py\/site\/index.php?rest_route=%2Fwp%2Fv2%2Fcategories&post=1244"},{"taxonomy":"post_tag","embeddable":true,"href":"https:\/\/www.inan.gov.py\/site\/index.php?rest_route=%2Fwp%2Fv2%2Ftags&post=1244"}],"curies":[{"name":"wp","href":"https:\/\/api.w.org\/{rel}","templated":true}]}}