{"id":12659,"date":"2025-09-18T11:08:32","date_gmt":"2025-09-18T14:08:32","guid":{"rendered":"https:\/\/www.inan.gov.py\/site\/?p=12659"},"modified":"2025-09-30T09:01:52","modified_gmt":"2025-09-30T12:01:52","slug":"jornadas-de-capacitacion-en-el-dpto-de-san-pedro","status":"publish","type":"post","link":"https:\/\/www.inan.gov.py\/site\/?p=12659","title":{"rendered":"Jornadas de capacitaci\u00f3n en el Dpto. de San Pedro"},"content":{"rendered":"<p style=\"text-align: left;\"><img loading=\"lazy\" decoding=\"async\" class=\"wp-image-12662 alignleft\" src=\"https:\/\/www.inan.gov.py\/site\/wp-content\/uploads\/2025\/09\/capacitacionsanpedroseptiembre20252.jpg\" alt=\"\" width=\"270\" height=\"173\" srcset=\"https:\/\/www.inan.gov.py\/site\/wp-content\/uploads\/2025\/09\/capacitacionsanpedroseptiembre20252.jpg 552w, https:\/\/www.inan.gov.py\/site\/wp-content\/uploads\/2025\/09\/capacitacionsanpedroseptiembre20252-300x192.jpg 300w\" sizes=\"auto, (max-width: 270px) 100vw, 270px\" \/>Se llevaron a cabo con \u00e9xito dos jornadas de capacitaci\u00f3n en San Pedro y en el \u00c1rea Program\u00e1tica Sur de San Pedro, dirigidas al personal de salud y a estudiantes de carreras sanitarias. Estas actividades se centraron en las directrices para la implementaci\u00f3n y seguimiento del Programa Alimentario Nutricional (PANI), as\u00ed como en la evaluaci\u00f3n nutricional de grupos vulnerables y la implementaci\u00f3n del Sistema de Vigilancia Alimentaria Nutricional (SISVAN).<!--more--><\/p>\n<p>Los participantes trabajaron de manera activa en el an\u00e1lisis de casos cl\u00ednicos, lo que facilit\u00f3 un abordaje pr\u00e1ctico de los contenidos y permiti\u00f3 fortalecer sus competencias en el \u00e1mbito de la nutrici\u00f3n comunitaria.<\/p>\n<p style=\"text-align: center;\"><img loading=\"lazy\" decoding=\"async\" class=\"alignnone size-full wp-image-12663\" src=\"https:\/\/www.inan.gov.py\/site\/wp-content\/uploads\/2025\/09\/capacitacionsanpedroseptiembre20253.jpg\" alt=\"\" width=\"638\" height=\"183\" srcset=\"https:\/\/www.inan.gov.py\/site\/wp-content\/uploads\/2025\/09\/capacitacionsanpedroseptiembre20253.jpg 638w, https:\/\/www.inan.gov.py\/site\/wp-content\/uploads\/2025\/09\/capacitacionsanpedroseptiembre20253-300x86.jpg 300w\" sizes=\"auto, (max-width: 638px) 100vw, 638px\" \/><\/p>\n<p>Un total de 154 profesionales asistieron a estas jornadas, con el objetivo de mejorar sus habilidades en la prevenci\u00f3n y el abordaje integral de problemas nutricionales, contribuyendo as\u00ed a la mejora de la calidad de atenci\u00f3n y al bienestar de la comunidad.<\/p>\n<p style=\"text-align: center;\"><img loading=\"lazy\" decoding=\"async\" class=\"alignnone size-full wp-image-12664\" src=\"https:\/\/www.inan.gov.py\/site\/wp-content\/uploads\/2025\/09\/capacitacionsanpedroseptiembre20254.jpg\" alt=\"\" width=\"406\" height=\"154\" srcset=\"https:\/\/www.inan.gov.py\/site\/wp-content\/uploads\/2025\/09\/capacitacionsanpedroseptiembre20254.jpg 406w, https:\/\/www.inan.gov.py\/site\/wp-content\/uploads\/2025\/09\/capacitacionsanpedroseptiembre20254-300x114.jpg 300w\" sizes=\"auto, (max-width: 406px) 100vw, 406px\" \/><\/p>\n<p>Estas capacitaciones reflejan el compromiso del sector salud por brindar una atenci\u00f3n m\u00e1s efectiva fortaleciendo el conocimiento y la capacidad del personal para enfrentar los desaf\u00edos nutricionales de la poblaci\u00f3n.<\/p>\n<p style=\"text-align: center;\"><img loading=\"lazy\" decoding=\"async\" class=\"alignnone size-full wp-image-12666\" src=\"https:\/\/www.inan.gov.py\/site\/wp-content\/uploads\/2025\/09\/capacitacionsanpedroseptiembre20255.jpg\" alt=\"\" width=\"406\" height=\"154\" srcset=\"https:\/\/www.inan.gov.py\/site\/wp-content\/uploads\/2025\/09\/capacitacionsanpedroseptiembre20255.jpg 406w, https:\/\/www.inan.gov.py\/site\/wp-content\/uploads\/2025\/09\/capacitacionsanpedroseptiembre20255-300x114.jpg 300w\" sizes=\"auto, (max-width: 406px) 100vw, 406px\" \/><\/p>\n","protected":false},"excerpt":{"rendered":"<p>Se llevaron a cabo con \u00e9xito dos jornadas de capacitaci\u00f3n en San Pedro y en el \u00c1rea Program\u00e1tica Sur de San Pedro, dirigidas al personal de salud y a estudiantes de carreras sanitarias. Estas actividades se centraron en las directrices para la implementaci\u00f3n y seguimiento del Programa Alimentario Nutricional (PANI), as\u00ed como en la evaluaci\u00f3n &hellip; <\/p>\n<p><a class=\"more-link btn\" href=\"https:\/\/www.inan.gov.py\/site\/?p=12659\">Seguir leyendo<\/a><\/p>\n","protected":false},"author":2,"featured_media":0,"comment_status":"closed","ping_status":"closed","sticky":false,"template":"","format":"standard","meta":{"footnotes":""},"categories":[4],"tags":[],"class_list":["post-12659","post","type-post","status-publish","format-standard","hentry","category-novedades","nodate","item-wrap"],"_links":{"self":[{"href":"https:\/\/www.inan.gov.py\/site\/index.php?rest_route=\/wp\/v2\/posts\/12659","targetHints":{"allow":["GET"]}}],"collection":[{"href":"https:\/\/www.inan.gov.py\/site\/index.php?rest_route=\/wp\/v2\/posts"}],"about":[{"href":"https:\/\/www.inan.gov.py\/site\/index.php?rest_route=\/wp\/v2\/types\/post"}],"author":[{"embeddable":true,"href":"https:\/\/www.inan.gov.py\/site\/index.php?rest_route=\/wp\/v2\/users\/2"}],"replies":[{"embeddable":true,"href":"https:\/\/www.inan.gov.py\/site\/index.php?rest_route=%2Fwp%2Fv2%2Fcomments&post=12659"}],"version-history":[{"count":3,"href":"https:\/\/www.inan.gov.py\/site\/index.php?rest_route=\/wp\/v2\/posts\/12659\/revisions"}],"predecessor-version":[{"id":12668,"href":"https:\/\/www.inan.gov.py\/site\/index.php?rest_route=\/wp\/v2\/posts\/12659\/revisions\/12668"}],"wp:attachment":[{"href":"https:\/\/www.inan.gov.py\/site\/index.php?rest_route=%2Fwp%2Fv2%2Fmedia&parent=12659"}],"wp:term":[{"taxonomy":"category","embeddable":true,"href":"https:\/\/www.inan.gov.py\/site\/index.php?rest_route=%2Fwp%2Fv2%2Fcategories&post=12659"},{"taxonomy":"post_tag","embeddable":true,"href":"https:\/\/www.inan.gov.py\/site\/index.php?rest_route=%2Fwp%2Fv2%2Ftags&post=12659"}],"curies":[{"name":"wp","href":"https:\/\/api.w.org\/{rel}","templated":true}]}}