{"id":12696,"date":"2025-09-30T09:49:08","date_gmt":"2025-09-30T12:49:08","guid":{"rendered":"https:\/\/www.inan.gov.py\/site\/?p=12696"},"modified":"2025-10-07T09:13:58","modified_gmt":"2025-10-07T12:13:58","slug":"entrega-de-leche-del-programa-alimentario-nutricional-integral-pani","status":"publish","type":"post","link":"https:\/\/www.inan.gov.py\/site\/?p=12696","title":{"rendered":"Entrega de leche del Programa Alimentario Nutricional Integral -PANI"},"content":{"rendered":"<div class=\"x14z9mp xat24cr x1lziwak x1vvkbs xtlvy1s x126k92a\">\n<div dir=\"auto\" style=\"text-align: center;\"><img loading=\"lazy\" decoding=\"async\" class=\"wp-image-12699 alignleft\" src=\"https:\/\/www.inan.gov.py\/site\/wp-content\/uploads\/2025\/09\/donacionitaipu3.jpg\" alt=\"\" width=\"270\" height=\"165\" srcset=\"https:\/\/www.inan.gov.py\/site\/wp-content\/uploads\/2025\/09\/donacionitaipu3.jpg 563w, https:\/\/www.inan.gov.py\/site\/wp-content\/uploads\/2025\/09\/donacionitaipu3-300x183.jpg 300w\" sizes=\"auto, (max-width: 270px) 100vw, 270px\" \/><\/div>\n<div dir=\"auto\">El d\u00eda viernes 26 del corriente, se realiz\u00f3 un Acto durante el cual el presidente <strong>Santiago Pe\u00f1a<\/strong> realiz\u00f3 la entrega de equipos m\u00e9dicos de \u00faltima generaci\u00f3n, recursos para cirug\u00edas correctivas de escoliosis y el complemento alimentario de Leche del<strong> Programa PANI<\/strong>, el mencionado acto fue realizado en el <strong>Hospital General Pedi\u00e1trico \u201cNi\u00f1os de Acosta \u00d1u\u201d<\/strong>.<\/div>\n<\/div>\n<p><!--more--><\/p>\n<div class=\"x14z9mp xat24cr x1lziwak x1vvkbs xtlvy1s x126k92a\">\n<div dir=\"auto\">La actividad cont\u00f3 con la presencia de la primera dama,<strong> Leticia Ocampos<\/strong>; el vicepresidente <strong>Pedro Alliana<\/strong>; la ministra de Salud P\u00fablica, <strong>Dra. Mar\u00eda Teresa Bar\u00e1n<\/strong>, el director paraguayo de la ITAIPU Binacional, <strong>Justo Zacar\u00edas Ir\u00fan<\/strong>; el director de la DIBEN, <strong>Dr. Fernando Ortellado<\/strong>; el viceministro de Atenci\u00f3n Integral a la Salud, <strong>Dr. Sa\u00fal Recalde<\/strong>, el director del hospital, <strong>Dr. H\u00e9ctor Castro<\/strong> y la directora general del INAN,<strong> Lic. Elsi Ovelar<\/strong>.<\/div>\n<div dir=\"auto\" style=\"text-align: center;\"><span style=\"color: #ffffff;\">___________________________<\/span><\/div>\n<div dir=\"auto\" style=\"text-align: center;\"><img loading=\"lazy\" decoding=\"async\" class=\"alignnone size-large wp-image-12700\" src=\"https:\/\/www.inan.gov.py\/site\/wp-content\/uploads\/2025\/09\/donacionitaipu1-1024x336.jpg\" alt=\"\" width=\"750\" height=\"246\" srcset=\"https:\/\/www.inan.gov.py\/site\/wp-content\/uploads\/2025\/09\/donacionitaipu1-1024x336.jpg 1024w, https:\/\/www.inan.gov.py\/site\/wp-content\/uploads\/2025\/09\/donacionitaipu1-300x99.jpg 300w, https:\/\/www.inan.gov.py\/site\/wp-content\/uploads\/2025\/09\/donacionitaipu1-768x252.jpg 768w, https:\/\/www.inan.gov.py\/site\/wp-content\/uploads\/2025\/09\/donacionitaipu1-750x246.jpg 750w, https:\/\/www.inan.gov.py\/site\/wp-content\/uploads\/2025\/09\/donacionitaipu1.jpg 1120w\" sizes=\"auto, (max-width: 750px) 100vw, 750px\" \/><\/div>\n<div dir=\"auto\" style=\"text-align: center;\"><span style=\"color: #ffffff;\">______________________________________________________<\/span><\/div>\n<div dir=\"auto\">Asimismo, se realiz\u00f3 la entrega de leche entera enriquecida con hierro, zinc, cobre y vitamina C del <strong>Programa Alimentario Nutricional Integral (PANI)<\/strong>, que beneficia a ni\u00f1os de 0 a 5 a\u00f1os y mujeres embarazadas en situaci\u00f3n de vulnerabilidad nutricional. El presidente Pe\u00f1a destac\u00f3 que la optimizaci\u00f3n de compras permiti\u00f3 ampliar la llegada del PANI y proyectar para los pr\u00f3ximos a\u00f1os una cobertura total de la poblaci\u00f3n objetivo, en l\u00ednea con la estrategia de desarrollo infantil temprano.<\/div>\n<div dir=\"auto\">\n<div dir=\"auto\" style=\"text-align: center;\"><span style=\"color: #ffffff;\">___________________________<\/span><\/div>\n<\/div>\n<div dir=\"auto\" style=\"text-align: center;\"><img loading=\"lazy\" decoding=\"async\" class=\"alignnone size-large wp-image-12701\" src=\"https:\/\/www.inan.gov.py\/site\/wp-content\/uploads\/2025\/09\/donacionitaipu2-1024x334.jpg\" alt=\"\" width=\"750\" height=\"245\" srcset=\"https:\/\/www.inan.gov.py\/site\/wp-content\/uploads\/2025\/09\/donacionitaipu2-1024x334.jpg 1024w, https:\/\/www.inan.gov.py\/site\/wp-content\/uploads\/2025\/09\/donacionitaipu2-300x98.jpg 300w, https:\/\/www.inan.gov.py\/site\/wp-content\/uploads\/2025\/09\/donacionitaipu2-768x250.jpg 768w, https:\/\/www.inan.gov.py\/site\/wp-content\/uploads\/2025\/09\/donacionitaipu2-750x244.jpg 750w, https:\/\/www.inan.gov.py\/site\/wp-content\/uploads\/2025\/09\/donacionitaipu2.jpg 1120w\" sizes=\"auto, (max-width: 750px) 100vw, 750px\" \/><\/div>\n<div dir=\"auto\"><span style=\"color: #ffffff;\">___________________________<\/span><\/div>\n<div dir=\"auto\" style=\"text-align: left;\"><span style=\"text-align: center;\">Durante su discurso, el presidente <\/span><strong style=\"text-align: center;\">Santiago Pe\u00f1a<\/strong><span style=\"text-align: center;\">, al igual que la ministra <\/span><strong style=\"text-align: center;\">Dra. Teresa Bar\u00e1n<\/strong><span style=\"text-align: center;\">, expresaron su agradecimiento y felicitaron a la directora general del INAN, <\/span><strong style=\"text-align: center;\">Lic. Elsi Ovelar<\/strong><span style=\"text-align: center;\">, por la destacada gesti\u00f3n en el PANI. En el a\u00f1o 2024, el programa logr\u00f3 alcanzar el <\/span><strong style=\"text-align: center;\">90 %<\/strong><span style=\"text-align: center;\"> de sus metas, beneficiando a m\u00e1s de <\/span><strong style=\"text-align: center;\">114.000.-<\/strong><span style=\"text-align: center;\"> personas en todo el pa\u00eds.<\/span><\/div>\n<\/div>\n","protected":false},"excerpt":{"rendered":"<p>El d\u00eda viernes 26 del corriente, se realiz\u00f3 un Acto durante el cual el presidente Santiago Pe\u00f1a realiz\u00f3 la entrega de equipos m\u00e9dicos de \u00faltima generaci\u00f3n, recursos para cirug\u00edas correctivas de escoliosis y el complemento alimentario de Leche del Programa PANI, el mencionado acto fue realizado en el Hospital General Pedi\u00e1trico \u201cNi\u00f1os de Acosta \u00d1u\u201d.<\/p><p><a class=\"more-link btn\" href=\"https:\/\/www.inan.gov.py\/site\/?p=12696\">Seguir leyendo<\/a><\/p>\n","protected":false},"author":2,"featured_media":0,"comment_status":"closed","ping_status":"closed","sticky":false,"template":"","format":"standard","meta":{"footnotes":""},"categories":[4],"tags":[],"class_list":["post-12696","post","type-post","status-publish","format-standard","hentry","category-novedades","nodate","item-wrap"],"_links":{"self":[{"href":"https:\/\/www.inan.gov.py\/site\/index.php?rest_route=\/wp\/v2\/posts\/12696","targetHints":{"allow":["GET"]}}],"collection":[{"href":"https:\/\/www.inan.gov.py\/site\/index.php?rest_route=\/wp\/v2\/posts"}],"about":[{"href":"https:\/\/www.inan.gov.py\/site\/index.php?rest_route=\/wp\/v2\/types\/post"}],"author":[{"embeddable":true,"href":"https:\/\/www.inan.gov.py\/site\/index.php?rest_route=\/wp\/v2\/users\/2"}],"replies":[{"embeddable":true,"href":"https:\/\/www.inan.gov.py\/site\/index.php?rest_route=%2Fwp%2Fv2%2Fcomments&post=12696"}],"version-history":[{"count":5,"href":"https:\/\/www.inan.gov.py\/site\/index.php?rest_route=\/wp\/v2\/posts\/12696\/revisions"}],"predecessor-version":[{"id":12704,"href":"https:\/\/www.inan.gov.py\/site\/index.php?rest_route=\/wp\/v2\/posts\/12696\/revisions\/12704"}],"wp:attachment":[{"href":"https:\/\/www.inan.gov.py\/site\/index.php?rest_route=%2Fwp%2Fv2%2Fmedia&parent=12696"}],"wp:term":[{"taxonomy":"category","embeddable":true,"href":"https:\/\/www.inan.gov.py\/site\/index.php?rest_route=%2Fwp%2Fv2%2Fcategories&post=12696"},{"taxonomy":"post_tag","embeddable":true,"href":"https:\/\/www.inan.gov.py\/site\/index.php?rest_route=%2Fwp%2Fv2%2Ftags&post=12696"}],"curies":[{"name":"wp","href":"https:\/\/api.w.org\/{rel}","templated":true}]}}