{"id":12739,"date":"2025-10-07T14:57:22","date_gmt":"2025-10-07T17:57:22","guid":{"rendered":"https:\/\/www.inan.gov.py\/site\/?p=12739"},"modified":"2025-11-04T12:20:43","modified_gmt":"2025-11-04T15:20:43","slug":"acto-de-conmemoracion-por-el-dia-mundial-de-la-alimentacion-mano-a-la-mano-por-la-alimentacion-en-paraguay-fao-paraguay","status":"publish","type":"post","link":"https:\/\/www.inan.gov.py\/site\/?p=12739","title":{"rendered":"Acto de conmemoraci\u00f3n por el D\u00eda Mundial de la Alimentaci\u00f3n \u00abMano a la Mano por la Alimentaci\u00f3n en Paraguay\u00bb. FAO Paraguay"},"content":{"rendered":"<p style=\"text-align: left;\"><img loading=\"lazy\" decoding=\"async\" class=\"wp-image-12745 alignleft\" src=\"https:\/\/www.inan.gov.py\/site\/wp-content\/uploads\/2025\/10\/dma20253-1.jpg\" alt=\"\" width=\"270\" height=\"165\" srcset=\"https:\/\/www.inan.gov.py\/site\/wp-content\/uploads\/2025\/10\/dma20253-1.jpg 563w, https:\/\/www.inan.gov.py\/site\/wp-content\/uploads\/2025\/10\/dma20253-1-300x183.jpg 300w\" sizes=\"auto, (max-width: 270px) 100vw, 270px\" \/>La <strong>Lic. Elsi Ovelar<\/strong>, Directora General del <strong>INAN<\/strong> , estuvo presente en tan importante acto realizado el d\u00eda de hoy en el hotel del Paraguay. La jornada subraya la necesidad de garantizar el acceso a alimentos nutritivos para todas las familias paraguayas, reforzando nuestro compromiso con la seguridad alimentaria del pa\u00eds.<!--more--><\/p>\n<p style=\"text-align: center;\"><img loading=\"lazy\" decoding=\"async\" class=\"alignnone size-full wp-image-12740\" src=\"https:\/\/www.inan.gov.py\/site\/wp-content\/uploads\/2025\/10\/dma20251-1.jpg\" alt=\"\" width=\"907\" height=\"305\" srcset=\"https:\/\/www.inan.gov.py\/site\/wp-content\/uploads\/2025\/10\/dma20251-1.jpg 907w, https:\/\/www.inan.gov.py\/site\/wp-content\/uploads\/2025\/10\/dma20251-1-300x101.jpg 300w, https:\/\/www.inan.gov.py\/site\/wp-content\/uploads\/2025\/10\/dma20251-1-768x258.jpg 768w, https:\/\/www.inan.gov.py\/site\/wp-content\/uploads\/2025\/10\/dma20251-1-750x252.jpg 750w\" sizes=\"auto, (max-width: 907px) 100vw, 907px\" \/><\/p>\n<p style=\"text-align: left;\">Desde el INAN, seguiremos avanzando hacia un Paraguay donde la alimentaci\u00f3n sea un derecho garantizado para todos.<\/p>\n<p style=\"text-align: center;\"><img loading=\"lazy\" decoding=\"async\" class=\"alignnone size-large wp-image-12741\" src=\"https:\/\/www.inan.gov.py\/site\/wp-content\/uploads\/2025\/10\/dma20252-1-1024x377.jpg\" alt=\"\" width=\"750\" height=\"276\" srcset=\"https:\/\/www.inan.gov.py\/site\/wp-content\/uploads\/2025\/10\/dma20252-1-1024x377.jpg 1024w, https:\/\/www.inan.gov.py\/site\/wp-content\/uploads\/2025\/10\/dma20252-1-300x110.jpg 300w, https:\/\/www.inan.gov.py\/site\/wp-content\/uploads\/2025\/10\/dma20252-1-768x283.jpg 768w, https:\/\/www.inan.gov.py\/site\/wp-content\/uploads\/2025\/10\/dma20252-1-750x276.jpg 750w, https:\/\/www.inan.gov.py\/site\/wp-content\/uploads\/2025\/10\/dma20252-1.jpg 1236w\" sizes=\"auto, (max-width: 750px) 100vw, 750px\" \/><\/p>\n","protected":false},"excerpt":{"rendered":"<p>La Lic. Elsi Ovelar, Directora General del INAN , estuvo presente en tan importante acto realizado el d\u00eda de hoy en el hotel del Paraguay. La jornada subraya la necesidad de garantizar el acceso a alimentos nutritivos para todas las familias paraguayas, reforzando nuestro compromiso con la seguridad alimentaria del pa\u00eds.<\/p><p><a class=\"more-link btn\" href=\"https:\/\/www.inan.gov.py\/site\/?p=12739\">Seguir leyendo<\/a><\/p>\n","protected":false},"author":2,"featured_media":0,"comment_status":"closed","ping_status":"closed","sticky":false,"template":"","format":"standard","meta":{"footnotes":""},"categories":[1],"tags":[],"class_list":["post-12739","post","type-post","status-publish","format-standard","hentry","category-sin-categoria","nodate","item-wrap"],"_links":{"self":[{"href":"https:\/\/www.inan.gov.py\/site\/index.php?rest_route=\/wp\/v2\/posts\/12739","targetHints":{"allow":["GET"]}}],"collection":[{"href":"https:\/\/www.inan.gov.py\/site\/index.php?rest_route=\/wp\/v2\/posts"}],"about":[{"href":"https:\/\/www.inan.gov.py\/site\/index.php?rest_route=\/wp\/v2\/types\/post"}],"author":[{"embeddable":true,"href":"https:\/\/www.inan.gov.py\/site\/index.php?rest_route=\/wp\/v2\/users\/2"}],"replies":[{"embeddable":true,"href":"https:\/\/www.inan.gov.py\/site\/index.php?rest_route=%2Fwp%2Fv2%2Fcomments&post=12739"}],"version-history":[{"count":3,"href":"https:\/\/www.inan.gov.py\/site\/index.php?rest_route=\/wp\/v2\/posts\/12739\/revisions"}],"predecessor-version":[{"id":12746,"href":"https:\/\/www.inan.gov.py\/site\/index.php?rest_route=\/wp\/v2\/posts\/12739\/revisions\/12746"}],"wp:attachment":[{"href":"https:\/\/www.inan.gov.py\/site\/index.php?rest_route=%2Fwp%2Fv2%2Fmedia&parent=12739"}],"wp:term":[{"taxonomy":"category","embeddable":true,"href":"https:\/\/www.inan.gov.py\/site\/index.php?rest_route=%2Fwp%2Fv2%2Fcategories&post=12739"},{"taxonomy":"post_tag","embeddable":true,"href":"https:\/\/www.inan.gov.py\/site\/index.php?rest_route=%2Fwp%2Fv2%2Ftags&post=12739"}],"curies":[{"name":"wp","href":"https:\/\/api.w.org\/{rel}","templated":true}]}}