{"id":12830,"date":"2025-11-11T09:41:35","date_gmt":"2025-11-11T12:41:35","guid":{"rendered":"https:\/\/www.inan.gov.py\/site\/?p=12830"},"modified":"2025-12-09T12:02:54","modified_gmt":"2025-12-09T15:02:54","slug":"reunion-inter-agencial-para-impulsar-la-encuesta-nacional-de-alimentacion-y-nutricion-enan","status":"publish","type":"post","link":"https:\/\/www.inan.gov.py\/site\/?p=12830","title":{"rendered":"Reuni\u00f3n inter agencial para impulsar la Encuesta Nacional de Alimentaci\u00f3n y Nutrici\u00f3n (ENAN)"},"content":{"rendered":"<p style=\"text-align: left;\"><img loading=\"lazy\" decoding=\"async\" class=\"wp-image-12832 alignleft\" src=\"https:\/\/www.inan.gov.py\/site\/wp-content\/uploads\/2025\/11\/interagencia1.jpg\" alt=\"\" width=\"270\" height=\"164\" srcset=\"https:\/\/www.inan.gov.py\/site\/wp-content\/uploads\/2025\/11\/interagencia1.jpg 563w, https:\/\/www.inan.gov.py\/site\/wp-content\/uploads\/2025\/11\/interagencia1-300x182.jpg 300w\" sizes=\"auto, (max-width: 270px) 100vw, 270px\" \/>Se realiz\u00f3 la Reuni\u00f3n Inter agencial para Impulsar la <strong>Encuesta Nacional de Alimentaci\u00f3n y Nutrici\u00f3n (ENAN)<\/strong>, liderada por el <strong>Instituto Nacional de Alimentaci\u00f3n y Nutrici\u00f3n<\/strong>. La importante reuni\u00f3n realizada a finales del mes de octubre, cont\u00f3 con la participaci\u00f3n del<strong> Sr. Viceministro de Rector\u00eda y Vigilancia de la Salud Dr. Jos\u00e9 Ortellado<\/strong>, la <strong>Directora General del INAN, Lic. Elsi Ovelar<\/strong>, la <strong>Lic. Natalia Gonz\u00e1lez<\/strong>, as\u00ed como Representantes de Agencias de Cooperaci\u00f3n que acompa\u00f1an el proceso.<\/p>\n<p><!--more--><img loading=\"lazy\" decoding=\"async\" class=\"alignnone wp-image-12833\" src=\"https:\/\/www.inan.gov.py\/site\/wp-content\/uploads\/2025\/11\/interagencia2.jpg\" alt=\"\" width=\"650\" height=\"342\" srcset=\"https:\/\/www.inan.gov.py\/site\/wp-content\/uploads\/2025\/11\/interagencia2.jpg 892w, https:\/\/www.inan.gov.py\/site\/wp-content\/uploads\/2025\/11\/interagencia2-300x158.jpg 300w, https:\/\/www.inan.gov.py\/site\/wp-content\/uploads\/2025\/11\/interagencia2-768x405.jpg 768w, https:\/\/www.inan.gov.py\/site\/wp-content\/uploads\/2025\/11\/interagencia2-750x395.jpg 750w\" sizes=\"auto, (max-width: 650px) 100vw, 650px\" \/><\/p>\n","protected":false},"excerpt":{"rendered":"<p>Se realiz\u00f3 la Reuni\u00f3n Inter agencial para Impulsar la Encuesta Nacional de Alimentaci\u00f3n y Nutrici\u00f3n (ENAN), liderada por el Instituto Nacional de Alimentaci\u00f3n y Nutrici\u00f3n. La importante reuni\u00f3n realizada a finales del mes de octubre, cont\u00f3 con la participaci\u00f3n del Sr. Viceministro de Rector\u00eda y Vigilancia de la Salud Dr. Jos\u00e9 Ortellado, la Directora General &hellip; <\/p>\n<p><a class=\"more-link btn\" href=\"https:\/\/www.inan.gov.py\/site\/?p=12830\">Seguir leyendo<\/a><\/p>\n","protected":false},"author":2,"featured_media":0,"comment_status":"closed","ping_status":"closed","sticky":false,"template":"","format":"standard","meta":{"footnotes":""},"categories":[1],"tags":[],"class_list":["post-12830","post","type-post","status-publish","format-standard","hentry","category-sin-categoria","nodate","item-wrap"],"_links":{"self":[{"href":"https:\/\/www.inan.gov.py\/site\/index.php?rest_route=\/wp\/v2\/posts\/12830","targetHints":{"allow":["GET"]}}],"collection":[{"href":"https:\/\/www.inan.gov.py\/site\/index.php?rest_route=\/wp\/v2\/posts"}],"about":[{"href":"https:\/\/www.inan.gov.py\/site\/index.php?rest_route=\/wp\/v2\/types\/post"}],"author":[{"embeddable":true,"href":"https:\/\/www.inan.gov.py\/site\/index.php?rest_route=\/wp\/v2\/users\/2"}],"replies":[{"embeddable":true,"href":"https:\/\/www.inan.gov.py\/site\/index.php?rest_route=%2Fwp%2Fv2%2Fcomments&post=12830"}],"version-history":[{"count":2,"href":"https:\/\/www.inan.gov.py\/site\/index.php?rest_route=\/wp\/v2\/posts\/12830\/revisions"}],"predecessor-version":[{"id":12834,"href":"https:\/\/www.inan.gov.py\/site\/index.php?rest_route=\/wp\/v2\/posts\/12830\/revisions\/12834"}],"wp:attachment":[{"href":"https:\/\/www.inan.gov.py\/site\/index.php?rest_route=%2Fwp%2Fv2%2Fmedia&parent=12830"}],"wp:term":[{"taxonomy":"category","embeddable":true,"href":"https:\/\/www.inan.gov.py\/site\/index.php?rest_route=%2Fwp%2Fv2%2Fcategories&post=12830"},{"taxonomy":"post_tag","embeddable":true,"href":"https:\/\/www.inan.gov.py\/site\/index.php?rest_route=%2Fwp%2Fv2%2Ftags&post=12830"}],"curies":[{"name":"wp","href":"https:\/\/api.w.org\/{rel}","templated":true}]}}