{"id":12885,"date":"2025-12-09T15:41:48","date_gmt":"2025-12-09T18:41:48","guid":{"rendered":"https:\/\/www.inan.gov.py\/site\/?p=12885"},"modified":"2025-12-23T12:27:44","modified_gmt":"2025-12-23T15:27:44","slug":"reiniciando-la-encuesta-nacional-de-alimentacion-y-nutricion-del-paraguay","status":"publish","type":"post","link":"https:\/\/www.inan.gov.py\/site\/?p=12885","title":{"rendered":"Reiniciando la Encuesta Nacional de Alimentaci\u00f3n y Nutrici\u00f3n del Paraguay"},"content":{"rendered":"<p style=\"text-align: left;\"><img loading=\"lazy\" decoding=\"async\" class=\"wp-image-12888 alignleft\" src=\"https:\/\/www.inan.gov.py\/site\/wp-content\/uploads\/2025\/12\/enan1.jpg\" alt=\"\" width=\"270\" height=\"165\" srcset=\"https:\/\/www.inan.gov.py\/site\/wp-content\/uploads\/2025\/12\/enan1.jpg 563w, https:\/\/www.inan.gov.py\/site\/wp-content\/uploads\/2025\/12\/enan1-300x183.jpg 300w\" sizes=\"auto, (max-width: 270px) 100vw, 270px\" \/>El <strong>Instituto Nacional de Alimentaci\u00f3n y Nutrici\u00f3n (INAN)<\/strong> dio inicio hoy, martes 09 de diciembre del corriente a\u00f1o, a la reactivaci\u00f3n del proceso para la elaboraci\u00f3n del <strong>Dise\u00f1o de la Metodolog\u00eda de la Encuesta Nacional de Alimentaci\u00f3n y Nutrici\u00f3n del Paraguay (ENAN)<\/strong>.<!--more--><\/p>\n<p>Este importante esfuerzo cuenta con el apoyo t\u00e9cnico de la <strong>Organizaci\u00f3n de las Naciones Unidas para la Alimentaci\u00f3n y la Agricultura (FAO)<\/strong>, as\u00ed como la colaboraci\u00f3n de diversas instituciones gubernamentales y consultores internacionales, quienes aportan su vasta experiencia en la aplicaci\u00f3n de encuestas nacionales.<\/p>\n<p style=\"text-align: center;\"><img loading=\"lazy\" decoding=\"async\" class=\"alignnone wp-image-12890\" src=\"https:\/\/www.inan.gov.py\/site\/wp-content\/uploads\/2025\/12\/enan2-1024x332.jpg\" alt=\"\" width=\"600\" height=\"194\" srcset=\"https:\/\/www.inan.gov.py\/site\/wp-content\/uploads\/2025\/12\/enan2-1024x332.jpg 1024w, https:\/\/www.inan.gov.py\/site\/wp-content\/uploads\/2025\/12\/enan2-300x97.jpg 300w, https:\/\/www.inan.gov.py\/site\/wp-content\/uploads\/2025\/12\/enan2-768x249.jpg 768w, https:\/\/www.inan.gov.py\/site\/wp-content\/uploads\/2025\/12\/enan2-750x243.jpg 750w, https:\/\/www.inan.gov.py\/site\/wp-content\/uploads\/2025\/12\/enan2.jpg 1158w\" sizes=\"auto, (max-width: 600px) 100vw, 600px\" \/><\/p>\n<p>Durante la apertura de la reuni\u00f3n de hoy, se presentaron las consultoras expertas en nutrici\u00f3n, la <strong>Prof. Luz Manjarr\u00e9s<\/strong> y la <strong>Prof. Diana C\u00e1rdenas<\/strong>, de la <strong>Universidad de Antioquia de Colombia<\/strong>, quienes liderar\u00e1n la capacitaci\u00f3n al equipo t\u00e9cnico del INAN del 09 al 17 de diciembre.\u00a0 Tambi\u00e9n se discutieron los antecedentes y avances de la ENAN, estableciendo un marco claro para las pr\u00f3ximas fases del proyecto.<\/p>\n<p style=\"text-align: center;\"><img loading=\"lazy\" decoding=\"async\" class=\"alignnone wp-image-12891\" src=\"https:\/\/www.inan.gov.py\/site\/wp-content\/uploads\/2025\/12\/enan3.jpg\" alt=\"\" width=\"600\" height=\"252\" srcset=\"https:\/\/www.inan.gov.py\/site\/wp-content\/uploads\/2025\/12\/enan3.jpg 799w, https:\/\/www.inan.gov.py\/site\/wp-content\/uploads\/2025\/12\/enan3-300x126.jpg 300w, https:\/\/www.inan.gov.py\/site\/wp-content\/uploads\/2025\/12\/enan3-768x323.jpg 768w, https:\/\/www.inan.gov.py\/site\/wp-content\/uploads\/2025\/12\/enan3-750x315.jpg 750w\" sizes=\"auto, (max-width: 600px) 100vw, 600px\" \/><\/p>\n<p>Este taller que di\u00f3 inicio el d\u00eda de hoy fomentar\u00e1 el intercambio de ideas y la planificaci\u00f3n de estrategias efectivas que guiar\u00e1n el desarrollo de la encuesta, un paso crucial hacia la recolecci\u00f3n de datos que permitir\u00e1 mejorar las pol\u00edticas de alimentaci\u00f3n y nutrici\u00f3n en Paraguay. Es importante destacar que las \u00faltimas Encuestas de Alimentaci\u00f3n y Nutrici\u00f3n realizadas a nivel nacional se llevaron a cabo en los a\u00f1os 1965 y 1976, respectivamente.<\/p>\n","protected":false},"excerpt":{"rendered":"<p>El Instituto Nacional de Alimentaci\u00f3n y Nutrici\u00f3n (INAN) dio inicio hoy, martes 09 de diciembre del corriente a\u00f1o, a la reactivaci\u00f3n del proceso para la elaboraci\u00f3n del Dise\u00f1o de la Metodolog\u00eda de la Encuesta Nacional de Alimentaci\u00f3n y Nutrici\u00f3n del Paraguay (ENAN).<\/p><p><a class=\"more-link btn\" href=\"https:\/\/www.inan.gov.py\/site\/?p=12885\">Seguir leyendo<\/a><\/p>\n","protected":false},"author":2,"featured_media":0,"comment_status":"closed","ping_status":"closed","sticky":false,"template":"","format":"standard","meta":{"footnotes":""},"categories":[1],"tags":[],"class_list":["post-12885","post","type-post","status-publish","format-standard","hentry","category-sin-categoria","nodate","item-wrap"],"_links":{"self":[{"href":"https:\/\/www.inan.gov.py\/site\/index.php?rest_route=\/wp\/v2\/posts\/12885","targetHints":{"allow":["GET"]}}],"collection":[{"href":"https:\/\/www.inan.gov.py\/site\/index.php?rest_route=\/wp\/v2\/posts"}],"about":[{"href":"https:\/\/www.inan.gov.py\/site\/index.php?rest_route=\/wp\/v2\/types\/post"}],"author":[{"embeddable":true,"href":"https:\/\/www.inan.gov.py\/site\/index.php?rest_route=\/wp\/v2\/users\/2"}],"replies":[{"embeddable":true,"href":"https:\/\/www.inan.gov.py\/site\/index.php?rest_route=%2Fwp%2Fv2%2Fcomments&post=12885"}],"version-history":[{"count":3,"href":"https:\/\/www.inan.gov.py\/site\/index.php?rest_route=\/wp\/v2\/posts\/12885\/revisions"}],"predecessor-version":[{"id":12892,"href":"https:\/\/www.inan.gov.py\/site\/index.php?rest_route=\/wp\/v2\/posts\/12885\/revisions\/12892"}],"wp:attachment":[{"href":"https:\/\/www.inan.gov.py\/site\/index.php?rest_route=%2Fwp%2Fv2%2Fmedia&parent=12885"}],"wp:term":[{"taxonomy":"category","embeddable":true,"href":"https:\/\/www.inan.gov.py\/site\/index.php?rest_route=%2Fwp%2Fv2%2Fcategories&post=12885"},{"taxonomy":"post_tag","embeddable":true,"href":"https:\/\/www.inan.gov.py\/site\/index.php?rest_route=%2Fwp%2Fv2%2Ftags&post=12885"}],"curies":[{"name":"wp","href":"https:\/\/api.w.org\/{rel}","templated":true}]}}