{"id":13106,"date":"2026-02-20T11:55:53","date_gmt":"2026-02-20T14:55:53","guid":{"rendered":"https:\/\/www.inan.gov.py\/site\/?p=13106"},"modified":"2026-04-07T08:05:07","modified_gmt":"2026-04-07T11:05:07","slug":"reunion-del-inan-con-la-direccion-general-de-gestion-de-insumos-estrategicos","status":"publish","type":"post","link":"https:\/\/www.inan.gov.py\/site\/?p=13106","title":{"rendered":"Reuni\u00f3n del INAN con la Direcci\u00f3n General de Gesti\u00f3n de Insumos Estrat\u00e9gicos."},"content":{"rendered":"<p><img loading=\"lazy\" decoding=\"async\" class=\"size-full wp-image-13108 alignleft\" src=\"https:\/\/www.inan.gov.py\/site\/wp-content\/uploads\/2026\/02\/insumest1.jpg\" alt=\"\" width=\"270\" height=\"167\" \/>El pasado mi\u00e9rcoles 28 de enero, la <strong>Directora General del Instituto Nacional de Alimentaci\u00f3n y Nutrici\u00f3n (INAN), Lic. Elsi Ovelar<\/strong>, junto con el <strong>Director de Nutrici\u00f3n, Lic. Fernando Romero<\/strong>, y la Jefa del <strong>Departamento de Servicios de Alimentaci\u00f3n del INAN<\/strong>, <strong>Lic. Leticia Leguizam\u00f3n<\/strong>; se reunieron con los t\u00e9cnicos de la Direcci\u00f3n General de Gesti\u00f3n de Insumos Estrat\u00e9gicos del Ministerio de Salud P\u00fablica y Bienestar Social. <!--more--><\/p>\n<p><img loading=\"lazy\" decoding=\"async\" class=\"size-full wp-image-13109 aligncenter\" src=\"https:\/\/www.inan.gov.py\/site\/wp-content\/uploads\/2026\/02\/insumest2.jpg\" alt=\"\" width=\"500\" height=\"232\" srcset=\"https:\/\/www.inan.gov.py\/site\/wp-content\/uploads\/2026\/02\/insumest2.jpg 500w, https:\/\/www.inan.gov.py\/site\/wp-content\/uploads\/2026\/02\/insumest2-300x139.jpg 300w\" sizes=\"auto, (max-width: 500px) 100vw, 500px\" \/><\/p>\n<p>El objetivo principal de la reuni\u00f3n fue coordinar actividades y procedimientos para el a\u00f1o en curso.<\/p>\n","protected":false},"excerpt":{"rendered":"<p>El pasado mi\u00e9rcoles 28 de enero, la Directora General del Instituto Nacional de Alimentaci\u00f3n y Nutrici\u00f3n (INAN), Lic. Elsi Ovelar, junto con el Director de Nutrici\u00f3n, Lic. Fernando Romero, y la Jefa del Departamento de Servicios de Alimentaci\u00f3n del INAN, Lic. Leticia Leguizam\u00f3n; se reunieron con los t\u00e9cnicos de la Direcci\u00f3n General de Gesti\u00f3n de &hellip; <\/p>\n<p><a class=\"more-link btn\" href=\"https:\/\/www.inan.gov.py\/site\/?p=13106\">Seguir leyendo<\/a><\/p>\n","protected":false},"author":2,"featured_media":0,"comment_status":"closed","ping_status":"closed","sticky":false,"template":"","format":"standard","meta":{"footnotes":""},"categories":[1],"tags":[],"class_list":["post-13106","post","type-post","status-publish","format-standard","hentry","category-sin-categoria","nodate","item-wrap"],"_links":{"self":[{"href":"https:\/\/www.inan.gov.py\/site\/index.php?rest_route=\/wp\/v2\/posts\/13106","targetHints":{"allow":["GET"]}}],"collection":[{"href":"https:\/\/www.inan.gov.py\/site\/index.php?rest_route=\/wp\/v2\/posts"}],"about":[{"href":"https:\/\/www.inan.gov.py\/site\/index.php?rest_route=\/wp\/v2\/types\/post"}],"author":[{"embeddable":true,"href":"https:\/\/www.inan.gov.py\/site\/index.php?rest_route=\/wp\/v2\/users\/2"}],"replies":[{"embeddable":true,"href":"https:\/\/www.inan.gov.py\/site\/index.php?rest_route=%2Fwp%2Fv2%2Fcomments&post=13106"}],"version-history":[{"count":2,"href":"https:\/\/www.inan.gov.py\/site\/index.php?rest_route=\/wp\/v2\/posts\/13106\/revisions"}],"predecessor-version":[{"id":13111,"href":"https:\/\/www.inan.gov.py\/site\/index.php?rest_route=\/wp\/v2\/posts\/13106\/revisions\/13111"}],"wp:attachment":[{"href":"https:\/\/www.inan.gov.py\/site\/index.php?rest_route=%2Fwp%2Fv2%2Fmedia&parent=13106"}],"wp:term":[{"taxonomy":"category","embeddable":true,"href":"https:\/\/www.inan.gov.py\/site\/index.php?rest_route=%2Fwp%2Fv2%2Fcategories&post=13106"},{"taxonomy":"post_tag","embeddable":true,"href":"https:\/\/www.inan.gov.py\/site\/index.php?rest_route=%2Fwp%2Fv2%2Ftags&post=13106"}],"curies":[{"name":"wp","href":"https:\/\/api.w.org\/{rel}","templated":true}]}}