{"id":13172,"date":"2026-03-05T15:17:10","date_gmt":"2026-03-05T18:17:10","guid":{"rendered":"https:\/\/www.inan.gov.py\/site\/?p=13172"},"modified":"2026-04-20T13:07:46","modified_gmt":"2026-04-20T16:07:46","slug":"paraguay-presente-en-el-primer-congreso-latinoamericano-de-nutricion-lactea","status":"publish","type":"post","link":"https:\/\/www.inan.gov.py\/site\/?p=13172","title":{"rendered":"Paraguay presente en el Primer Congreso Latinoamericano de Nutrici\u00f3n L\u00e1ctea"},"content":{"rendered":"<p style=\"text-align: left;\"><img loading=\"lazy\" decoding=\"async\" class=\"wp-image-13175 alignleft\" src=\"https:\/\/www.inan.gov.py\/site\/wp-content\/uploads\/2026\/03\/nutrilac1.jpg\" alt=\"\" width=\"270\" height=\"171\" srcset=\"https:\/\/www.inan.gov.py\/site\/wp-content\/uploads\/2026\/03\/nutrilac1.jpg 542w, https:\/\/www.inan.gov.py\/site\/wp-content\/uploads\/2026\/03\/nutrilac1-300x190.jpg 300w\" sizes=\"auto, (max-width: 270px) 100vw, 270px\" \/>La <strong>lic Elsi Ovelar<\/strong>, Directora General del<strong> INAN<\/strong>, represent\u00f3 al <strong>Ministerio de Salud P\u00fablica y Bienestar Social<\/strong> en el <strong>Primer Congreso Latinoamericano de Nutrici\u00f3n L\u00e1ctea<\/strong>, que tuvo lugar los d\u00edas 25 y 26 de febrero en <strong>Lima, Per\u00fa<\/strong>. Un encuentro que marc\u00f3 un hito en el di\u00e1logo cient\u00edfico sobre nutrici\u00f3n l\u00e1ctea en la regi\u00f3n.<!--more--><\/p>\n<p style=\"text-align: left;\">Paraguay tuvo una destacada representaci\u00f3n en el Congreso Internacional donde participaron profesionales de renombre en el \u00e1rea de la salud y la nutrici\u00f3n, as\u00ed como autoridades gubernamentales y l\u00edderes acad\u00e9micos.<\/p>\n<p style=\"text-align: center;\"><img loading=\"lazy\" decoding=\"async\" class=\"alignnone wp-image-13176\" src=\"https:\/\/www.inan.gov.py\/site\/wp-content\/uploads\/2026\/03\/nutrilac2-1024x623.jpg\" alt=\"\" width=\"600\" height=\"365\" srcset=\"https:\/\/www.inan.gov.py\/site\/wp-content\/uploads\/2026\/03\/nutrilac2-1024x623.jpg 1024w, https:\/\/www.inan.gov.py\/site\/wp-content\/uploads\/2026\/03\/nutrilac2-300x182.jpg 300w, https:\/\/www.inan.gov.py\/site\/wp-content\/uploads\/2026\/03\/nutrilac2-768x467.jpg 768w, https:\/\/www.inan.gov.py\/site\/wp-content\/uploads\/2026\/03\/nutrilac2-750x456.jpg 750w, https:\/\/www.inan.gov.py\/site\/wp-content\/uploads\/2026\/03\/nutrilac2.jpg 1135w\" sizes=\"auto, (max-width: 600px) 100vw, 600px\" \/><\/p>\n","protected":false},"excerpt":{"rendered":"<p>La lic Elsi Ovelar, Directora General del INAN, represent\u00f3 al Ministerio de Salud P\u00fablica y Bienestar Social en el Primer Congreso Latinoamericano de Nutrici\u00f3n L\u00e1ctea, que tuvo lugar los d\u00edas 25 y 26 de febrero en Lima, Per\u00fa. Un encuentro que marc\u00f3 un hito en el di\u00e1logo cient\u00edfico sobre nutrici\u00f3n l\u00e1ctea en la regi\u00f3n.<\/p><p><a class=\"more-link btn\" href=\"https:\/\/www.inan.gov.py\/site\/?p=13172\">Seguir leyendo<\/a><\/p>\n","protected":false},"author":2,"featured_media":0,"comment_status":"closed","ping_status":"closed","sticky":false,"template":"","format":"standard","meta":{"footnotes":""},"categories":[1],"tags":[],"class_list":["post-13172","post","type-post","status-publish","format-standard","hentry","category-sin-categoria","nodate","item-wrap"],"_links":{"self":[{"href":"https:\/\/www.inan.gov.py\/site\/index.php?rest_route=\/wp\/v2\/posts\/13172","targetHints":{"allow":["GET"]}}],"collection":[{"href":"https:\/\/www.inan.gov.py\/site\/index.php?rest_route=\/wp\/v2\/posts"}],"about":[{"href":"https:\/\/www.inan.gov.py\/site\/index.php?rest_route=\/wp\/v2\/types\/post"}],"author":[{"embeddable":true,"href":"https:\/\/www.inan.gov.py\/site\/index.php?rest_route=\/wp\/v2\/users\/2"}],"replies":[{"embeddable":true,"href":"https:\/\/www.inan.gov.py\/site\/index.php?rest_route=%2Fwp%2Fv2%2Fcomments&post=13172"}],"version-history":[{"count":3,"href":"https:\/\/www.inan.gov.py\/site\/index.php?rest_route=\/wp\/v2\/posts\/13172\/revisions"}],"predecessor-version":[{"id":13179,"href":"https:\/\/www.inan.gov.py\/site\/index.php?rest_route=\/wp\/v2\/posts\/13172\/revisions\/13179"}],"wp:attachment":[{"href":"https:\/\/www.inan.gov.py\/site\/index.php?rest_route=%2Fwp%2Fv2%2Fmedia&parent=13172"}],"wp:term":[{"taxonomy":"category","embeddable":true,"href":"https:\/\/www.inan.gov.py\/site\/index.php?rest_route=%2Fwp%2Fv2%2Fcategories&post=13172"},{"taxonomy":"post_tag","embeddable":true,"href":"https:\/\/www.inan.gov.py\/site\/index.php?rest_route=%2Fwp%2Fv2%2Ftags&post=13172"}],"curies":[{"name":"wp","href":"https:\/\/api.w.org\/{rel}","templated":true}]}}