{"id":13250,"date":"2026-04-27T11:03:58","date_gmt":"2026-04-27T14:03:58","guid":{"rendered":"https:\/\/www.inan.gov.py\/site\/?p=13250"},"modified":"2026-04-27T11:03:58","modified_gmt":"2026-04-27T14:03:58","slug":"reunion-interinstitucional-en-el-mec-en-el-marco-de-las-guias-alimentarias-basadas-en-sistemas-alimentarios-gabsa","status":"publish","type":"post","link":"https:\/\/www.inan.gov.py\/site\/?p=13250","title":{"rendered":"Reuni\u00f3n interinstitucional en el MEC en el marco de las Gu\u00edas Alimentarias Basadas en Sistemas Alimentarios &#8211; GABSA"},"content":{"rendered":"<div class=\"xdj266r x14z9mp xat24cr x1lziwak x1vvkbs x126k92a\">\n<div dir=\"auto\" style=\"text-align: center;\"><img loading=\"lazy\" decoding=\"async\" class=\"wp-image-13252 alignleft\" src=\"https:\/\/www.inan.gov.py\/site\/wp-content\/uploads\/2026\/04\/reunion-mec-1.jpg\" alt=\"\" width=\"270\" height=\"165\" srcset=\"https:\/\/www.inan.gov.py\/site\/wp-content\/uploads\/2026\/04\/reunion-mec-1.jpg 563w, https:\/\/www.inan.gov.py\/site\/wp-content\/uploads\/2026\/04\/reunion-mec-1-300x183.jpg 300w\" sizes=\"auto, (max-width: 270px) 100vw, 270px\" \/><\/div>\n<div dir=\"auto\">El d\u00eda\u00a0 Jueves 23 de abril, el equipo del <strong>Ministerio de Educaci\u00f3n y Ciencias -MEC<\/strong>, conformado por <strong>Vicenta Ca\u00f1ete, Directora General de 1er y 2do ciclo de la Educaci\u00f3n Escolar B\u00e1sica; Sof\u00eda Valiente, Directora de Gabinete del Viceministerio de Educaci\u00f3n B\u00e1sica; y Milena Fern\u00e1ndez, Directora de Alimentaci\u00f3n Escolar<\/strong>, recibi\u00f3 a la <strong>Lic. Elsi Ovelar<\/strong>, <strong>Directora General del INAN; Lic. Fernando Romero, Director de Nutrici\u00f3n y Programas Alimentarios del INAN; y Dra. Sonia \u00c1valos, Oficial de Salud y Nutrici\u00f3n de UNICEF, junto con la consultora internacional Veronika Molina.<\/strong><\/div>\n<\/div>\n<p><!--more--><\/p>\n<div class=\"x14z9mp xat24cr x1lziwak x1vvkbs xtlvy1s x126k92a\">\n<div dir=\"auto\"><\/div>\n<div dir=\"auto\">Durante la reuni\u00f3n, se present\u00f3 el dise\u00f1o de la implementaci\u00f3n de las Gu\u00edas Alimentarias basadas en sistemas alimentarios para Ni\u00f1os, Ni\u00f1as y Adolescentes del Paraguay (GABSA).<\/div>\n<div dir=\"auto\" style=\"text-align: center;\"><span style=\"color: #ffffff;\">_____<\/span><\/div>\n<div dir=\"auto\" style=\"text-align: center;\"><img loading=\"lazy\" decoding=\"async\" class=\"alignnone wp-image-13253\" src=\"https:\/\/www.inan.gov.py\/site\/wp-content\/uploads\/2026\/04\/reunion-mec-1024x539.jpg\" alt=\"\" width=\"650\" height=\"342\" srcset=\"https:\/\/www.inan.gov.py\/site\/wp-content\/uploads\/2026\/04\/reunion-mec-1024x539.jpg 1024w, https:\/\/www.inan.gov.py\/site\/wp-content\/uploads\/2026\/04\/reunion-mec-300x158.jpg 300w, https:\/\/www.inan.gov.py\/site\/wp-content\/uploads\/2026\/04\/reunion-mec-768x404.jpg 768w, https:\/\/www.inan.gov.py\/site\/wp-content\/uploads\/2026\/04\/reunion-mec-750x395.jpg 750w, https:\/\/www.inan.gov.py\/site\/wp-content\/uploads\/2026\/04\/reunion-mec.jpg 1267w\" sizes=\"auto, (max-width: 650px) 100vw, 650px\" \/><\/div>\n<\/div>\n<div class=\"x14z9mp xat24cr x1lziwak x1vvkbs xtlvy1s x126k92a\">\n<div dir=\"auto\" style=\"text-align: center;\"><span style=\"color: #ffffff;\">____<\/span><\/div>\n<div dir=\"auto\">Esta herramienta es esencial para fortalecer el Programa Hambre Cero, ya que proporcionar\u00e1 un marco t\u00e9cnico claro que orientar\u00e1 la planificaci\u00f3n de men\u00fas, la educaci\u00f3n alimentaria y la creaci\u00f3n de entornos escolares m\u00e1s saludables. Adem\u00e1s, se subray\u00f3 la importancia del Ministerio de Educaci\u00f3n y Cultura como un actor clave en el trabajo intersectorial para la implementaci\u00f3n de las Gu\u00edas.<\/div>\n<\/div>\n","protected":false},"excerpt":{"rendered":"<p>El d\u00eda\u00a0 Jueves 23 de abril, el equipo del Ministerio de Educaci\u00f3n y Ciencias -MEC, conformado por Vicenta Ca\u00f1ete, Directora General de 1er y 2do ciclo de la Educaci\u00f3n Escolar B\u00e1sica; Sof\u00eda Valiente, Directora de Gabinete del Viceministerio de Educaci\u00f3n B\u00e1sica; y Milena Fern\u00e1ndez, Directora de Alimentaci\u00f3n Escolar, recibi\u00f3 a la Lic. Elsi Ovelar, Directora &hellip; <\/p>\n<p><a class=\"more-link btn\" href=\"https:\/\/www.inan.gov.py\/site\/?p=13250\">Seguir leyendo<\/a><\/p>\n","protected":false},"author":2,"featured_media":0,"comment_status":"closed","ping_status":"closed","sticky":true,"template":"","format":"standard","meta":{"footnotes":""},"categories":[1],"tags":[],"class_list":["post-13250","post","type-post","status-publish","format-standard","hentry","category-sin-categoria","nodate","item-wrap"],"_links":{"self":[{"href":"https:\/\/www.inan.gov.py\/site\/index.php?rest_route=\/wp\/v2\/posts\/13250","targetHints":{"allow":["GET"]}}],"collection":[{"href":"https:\/\/www.inan.gov.py\/site\/index.php?rest_route=\/wp\/v2\/posts"}],"about":[{"href":"https:\/\/www.inan.gov.py\/site\/index.php?rest_route=\/wp\/v2\/types\/post"}],"author":[{"embeddable":true,"href":"https:\/\/www.inan.gov.py\/site\/index.php?rest_route=\/wp\/v2\/users\/2"}],"replies":[{"embeddable":true,"href":"https:\/\/www.inan.gov.py\/site\/index.php?rest_route=%2Fwp%2Fv2%2Fcomments&post=13250"}],"version-history":[{"count":3,"href":"https:\/\/www.inan.gov.py\/site\/index.php?rest_route=\/wp\/v2\/posts\/13250\/revisions"}],"predecessor-version":[{"id":13255,"href":"https:\/\/www.inan.gov.py\/site\/index.php?rest_route=\/wp\/v2\/posts\/13250\/revisions\/13255"}],"wp:attachment":[{"href":"https:\/\/www.inan.gov.py\/site\/index.php?rest_route=%2Fwp%2Fv2%2Fmedia&parent=13250"}],"wp:term":[{"taxonomy":"category","embeddable":true,"href":"https:\/\/www.inan.gov.py\/site\/index.php?rest_route=%2Fwp%2Fv2%2Fcategories&post=13250"},{"taxonomy":"post_tag","embeddable":true,"href":"https:\/\/www.inan.gov.py\/site\/index.php?rest_route=%2Fwp%2Fv2%2Ftags&post=13250"}],"curies":[{"name":"wp","href":"https:\/\/api.w.org\/{rel}","templated":true}]}}