{"id":282,"date":"2016-07-13T18:15:48","date_gmt":"2016-07-13T18:15:48","guid":{"rendered":"http:\/\/www.inan.gov.py\/site\/?p=282"},"modified":"2016-07-13T18:25:01","modified_gmt":"2016-07-13T18:25:01","slug":"el-inan-en-la-expoferia-de-m-r-alonso-2016","status":"publish","type":"post","link":"https:\/\/www.inan.gov.py\/site\/?p=282","title":{"rendered":"El INAN en la Expoferia de M.R. Alonso 2016"},"content":{"rendered":"<p><img loading=\"lazy\" decoding=\"async\" class=\"alignnone size-full wp-image-289 aligncenter\" src=\"http:\/\/www.inan.gov.py\/site\/wp-content\/uploads\/2016\/07\/expo3.jpg\" alt=\"expo3\" width=\"350\" height=\"197\" srcset=\"https:\/\/www.inan.gov.py\/site\/wp-content\/uploads\/2016\/07\/expo3.jpg 350w, https:\/\/www.inan.gov.py\/site\/wp-content\/uploads\/2016\/07\/expo3-300x169.jpg 300w\" sizes=\"auto, (max-width: 350px) 100vw, 350px\" \/><\/p>\n<p>De forma exitosa se llevaron a cabo las actividades del<strong> Instituto Nacional de Alimentaci\u00f3n y Nutrici\u00f3n (INAN)<\/strong> en la <strong>Expo Feria de M. R. Alonso 2016<\/strong>, el d\u00eda lunes 11 de julio del corriente a\u00f1o.<!--more--><\/p>\n<p>El equipo del INAN realiz\u00f3 evaluaciones antropom\u00e9tricas a los asistentes, y entrega de materiales educativos, adem\u00e1s de ofrecer frutas frescas de estaci\u00f3n a todos aquellos participantes. Para m\u00e1s informaci\u00f3n contactar al 021 294 703\/4 (interno 631) con Lic. Silvana Martinetti.<\/p>\n<p><img loading=\"lazy\" decoding=\"async\" class=\"alignnone size-full wp-image-288 aligncenter\" src=\"http:\/\/www.inan.gov.py\/site\/wp-content\/uploads\/2016\/07\/expo2.jpg\" alt=\"expo2\" width=\"350\" height=\"197\" srcset=\"https:\/\/www.inan.gov.py\/site\/wp-content\/uploads\/2016\/07\/expo2.jpg 350w, https:\/\/www.inan.gov.py\/site\/wp-content\/uploads\/2016\/07\/expo2-300x169.jpg 300w\" sizes=\"auto, (max-width: 350px) 100vw, 350px\" \/>\u00a0<img loading=\"lazy\" decoding=\"async\" class=\"alignnone size-full wp-image-286 aligncenter\" src=\"http:\/\/www.inan.gov.py\/site\/wp-content\/uploads\/2016\/07\/expo5.jpg\" alt=\"expo5\" width=\"350\" height=\"197\" srcset=\"https:\/\/www.inan.gov.py\/site\/wp-content\/uploads\/2016\/07\/expo5.jpg 350w, https:\/\/www.inan.gov.py\/site\/wp-content\/uploads\/2016\/07\/expo5-300x169.jpg 300w\" sizes=\"auto, (max-width: 350px) 100vw, 350px\" \/><\/p>\n<p><img loading=\"lazy\" decoding=\"async\" class=\"alignnone size-full wp-image-287 aligncenter\" src=\"http:\/\/www.inan.gov.py\/site\/wp-content\/uploads\/2016\/07\/expo4.jpg\" alt=\"expo4\" width=\"350\" height=\"197\" srcset=\"https:\/\/www.inan.gov.py\/site\/wp-content\/uploads\/2016\/07\/expo4.jpg 350w, https:\/\/www.inan.gov.py\/site\/wp-content\/uploads\/2016\/07\/expo4-300x169.jpg 300w\" sizes=\"auto, (max-width: 350px) 100vw, 350px\" \/><\/p>\n<p><img loading=\"lazy\" decoding=\"async\" class=\"alignnone size-full wp-image-284 aligncenter\" src=\"http:\/\/www.inan.gov.py\/site\/wp-content\/uploads\/2016\/07\/expo7.jpg\" alt=\"expo7\" width=\"141\" height=\"250\" \/><img loading=\"lazy\" decoding=\"async\" class=\"alignnone size-full wp-image-285 aligncenter\" src=\"http:\/\/www.inan.gov.py\/site\/wp-content\/uploads\/2016\/07\/expo6.jpg\" alt=\"expo6\" width=\"141\" height=\"250\" \/><\/p>\n","protected":false},"excerpt":{"rendered":"<p>De forma exitosa se llevaron a cabo las actividades del Instituto Nacional de Alimentaci\u00f3n y Nutrici\u00f3n (INAN) en la Expo Feria de M. R. Alonso 2016, el d\u00eda lunes 11 de julio del corriente a\u00f1o.<\/p><p><a class=\"more-link btn\" href=\"https:\/\/www.inan.gov.py\/site\/?p=282\">Seguir leyendo<\/a><\/p>\n","protected":false},"author":2,"featured_media":0,"comment_status":"closed","ping_status":"closed","sticky":false,"template":"","format":"standard","meta":{"footnotes":""},"categories":[4],"tags":[],"class_list":["post-282","post","type-post","status-publish","format-standard","hentry","category-novedades","nodate","item-wrap"],"_links":{"self":[{"href":"https:\/\/www.inan.gov.py\/site\/index.php?rest_route=\/wp\/v2\/posts\/282","targetHints":{"allow":["GET"]}}],"collection":[{"href":"https:\/\/www.inan.gov.py\/site\/index.php?rest_route=\/wp\/v2\/posts"}],"about":[{"href":"https:\/\/www.inan.gov.py\/site\/index.php?rest_route=\/wp\/v2\/types\/post"}],"author":[{"embeddable":true,"href":"https:\/\/www.inan.gov.py\/site\/index.php?rest_route=\/wp\/v2\/users\/2"}],"replies":[{"embeddable":true,"href":"https:\/\/www.inan.gov.py\/site\/index.php?rest_route=%2Fwp%2Fv2%2Fcomments&post=282"}],"version-history":[{"count":3,"href":"https:\/\/www.inan.gov.py\/site\/index.php?rest_route=\/wp\/v2\/posts\/282\/revisions"}],"predecessor-version":[{"id":292,"href":"https:\/\/www.inan.gov.py\/site\/index.php?rest_route=\/wp\/v2\/posts\/282\/revisions\/292"}],"wp:attachment":[{"href":"https:\/\/www.inan.gov.py\/site\/index.php?rest_route=%2Fwp%2Fv2%2Fmedia&parent=282"}],"wp:term":[{"taxonomy":"category","embeddable":true,"href":"https:\/\/www.inan.gov.py\/site\/index.php?rest_route=%2Fwp%2Fv2%2Fcategories&post=282"},{"taxonomy":"post_tag","embeddable":true,"href":"https:\/\/www.inan.gov.py\/site\/index.php?rest_route=%2Fwp%2Fv2%2Ftags&post=282"}],"curies":[{"name":"wp","href":"https:\/\/api.w.org\/{rel}","templated":true}]}}