{"id":3795,"date":"2020-10-07T17:14:33","date_gmt":"2020-10-07T17:14:33","guid":{"rendered":"http:\/\/www.inan.gov.py\/site\/?p=3795"},"modified":"2023-03-16T15:47:08","modified_gmt":"2023-03-16T15:47:08","slug":"dia-mundial-de-la-alimentacion-jornada-virtual","status":"publish","type":"post","link":"https:\/\/www.inan.gov.py\/site\/?p=3795","title":{"rendered":"D\u00eda Mundial de la Alimentaci\u00f3n. Jornada Virtual"},"content":{"rendered":"<p style=\"text-align: center;\"><img loading=\"lazy\" decoding=\"async\" class=\"size-large wp-image-3823 aligncenter\" src=\"http:\/\/www.inan.gov.py\/site\/wp-content\/uploads\/2020\/10\/FLYER_JORNADAVIRTUAL_DMA-874x1024.png\" alt=\"\" width=\"750\" height=\"879\" srcset=\"https:\/\/www.inan.gov.py\/site\/wp-content\/uploads\/2020\/10\/FLYER_JORNADAVIRTUAL_DMA-874x1024.png 874w, https:\/\/www.inan.gov.py\/site\/wp-content\/uploads\/2020\/10\/FLYER_JORNADAVIRTUAL_DMA-256x300.png 256w, https:\/\/www.inan.gov.py\/site\/wp-content\/uploads\/2020\/10\/FLYER_JORNADAVIRTUAL_DMA-768x900.png 768w, https:\/\/www.inan.gov.py\/site\/wp-content\/uploads\/2020\/10\/FLYER_JORNADAVIRTUAL_DMA.png 1501w\" sizes=\"auto, (max-width: 750px) 100vw, 750px\" \/><\/p>\n<p>En el marco del <strong>D\u00eda Mundial de la Alimentaci\u00f3n 2020,<\/strong> cuyo lema es <strong>Cultivar, nutrir,<\/strong><br \/>\n<strong>preservar. Juntos. Nuestras acciones son nuestro futuro\u201d<\/strong>, la <strong>Organizaci\u00f3n de las Naciones<\/strong><br \/>\n<strong>Unidas para la Alimentaci\u00f3n y la Agricultura \u2013 FAO<\/strong>, llama a garantizar que nuestros<br \/>\nsistemas alimentarios puedan cultivar una variedad de alimentos para nutrir a una<br \/>\npoblaci\u00f3n en crecimiento y preservar el planeta juntos.<!--more--><\/p>\n<p>Como todos los a\u00f1os el <strong>Instituto Nacional de Alimentaci\u00f3n y Nutrici\u00f3n (INAN)<\/strong> se adhiere a<br \/>\nlas celebraciones realizadas en el marco del D\u00eda Mundial de la Alimentaci\u00f3n, con una<br \/>\njornada virtual \u201cCultivar, nutrir, preservar. Juntos\u201d dirigido al p\u00fablico en general, a<br \/>\nrealizarse el d\u00eda viernes 16 de octubre a las 10 hs, a trav\u00e9s del enlace<br \/>\n<a href=\"https:\/\/us02web.zoom.us\/j\/83075078146\">https:\/\/us02web.zoom.us\/j\/83075078146<\/a><\/p>\n","protected":false},"excerpt":{"rendered":"<p>En el marco del D\u00eda Mundial de la Alimentaci\u00f3n 2020, cuyo lema es Cultivar, nutrir, preservar. Juntos. Nuestras acciones son nuestro futuro\u201d, la Organizaci\u00f3n de las Naciones Unidas para la Alimentaci\u00f3n y la Agricultura \u2013 FAO, llama a garantizar que nuestros sistemas alimentarios puedan cultivar una variedad de alimentos para nutrir a una poblaci\u00f3n en &hellip; <\/p>\n<p><a class=\"more-link btn\" href=\"https:\/\/www.inan.gov.py\/site\/?p=3795\">Seguir leyendo<\/a><\/p>\n","protected":false},"author":2,"featured_media":0,"comment_status":"closed","ping_status":"closed","sticky":false,"template":"","format":"standard","meta":{"footnotes":""},"categories":[4],"tags":[],"class_list":["post-3795","post","type-post","status-publish","format-standard","hentry","category-novedades","nodate","item-wrap"],"_links":{"self":[{"href":"https:\/\/www.inan.gov.py\/site\/index.php?rest_route=\/wp\/v2\/posts\/3795","targetHints":{"allow":["GET"]}}],"collection":[{"href":"https:\/\/www.inan.gov.py\/site\/index.php?rest_route=\/wp\/v2\/posts"}],"about":[{"href":"https:\/\/www.inan.gov.py\/site\/index.php?rest_route=\/wp\/v2\/types\/post"}],"author":[{"embeddable":true,"href":"https:\/\/www.inan.gov.py\/site\/index.php?rest_route=\/wp\/v2\/users\/2"}],"replies":[{"embeddable":true,"href":"https:\/\/www.inan.gov.py\/site\/index.php?rest_route=%2Fwp%2Fv2%2Fcomments&post=3795"}],"version-history":[{"count":9,"href":"https:\/\/www.inan.gov.py\/site\/index.php?rest_route=\/wp\/v2\/posts\/3795\/revisions"}],"predecessor-version":[{"id":3824,"href":"https:\/\/www.inan.gov.py\/site\/index.php?rest_route=\/wp\/v2\/posts\/3795\/revisions\/3824"}],"wp:attachment":[{"href":"https:\/\/www.inan.gov.py\/site\/index.php?rest_route=%2Fwp%2Fv2%2Fmedia&parent=3795"}],"wp:term":[{"taxonomy":"category","embeddable":true,"href":"https:\/\/www.inan.gov.py\/site\/index.php?rest_route=%2Fwp%2Fv2%2Fcategories&post=3795"},{"taxonomy":"post_tag","embeddable":true,"href":"https:\/\/www.inan.gov.py\/site\/index.php?rest_route=%2Fwp%2Fv2%2Ftags&post=3795"}],"curies":[{"name":"wp","href":"https:\/\/api.w.org\/{rel}","templated":true}]}}