{"id":430,"date":"2016-09-09T18:55:11","date_gmt":"2016-09-09T18:55:11","guid":{"rendered":"http:\/\/www.inan.gov.py\/site\/?p=430"},"modified":"2016-09-09T18:55:21","modified_gmt":"2016-09-09T18:55:21","slug":"jornada-de-sensibilizacion-en-la-guia-de-organizacion-gestion-y-buenas-practicas-de-manufactura-para-servicios-de-alimentacion-impartido-por-el-inan","status":"publish","type":"post","link":"https:\/\/www.inan.gov.py\/site\/?p=430","title":{"rendered":"Jornada de Sensibilizaci\u00f3n en la \u201cGu\u00eda de Organizaci\u00f3n, Gesti\u00f3n y Buenas Pr\u00e1cticas de Manufactura para Servicios de Alimentaci\u00f3n\u201d impartido por el INAN."},"content":{"rendered":"<p><img loading=\"lazy\" decoding=\"async\" class=\"size-full wp-image-431 aligncenter\" src=\"http:\/\/www.inan.gov.py\/site\/wp-content\/uploads\/2016\/09\/servicios2.jpg\" alt=\"servicios2\" width=\"350\" height=\"233\" srcset=\"https:\/\/www.inan.gov.py\/site\/wp-content\/uploads\/2016\/09\/servicios2.jpg 350w, https:\/\/www.inan.gov.py\/site\/wp-content\/uploads\/2016\/09\/servicios2-300x200.jpg 300w\" sizes=\"auto, (max-width: 350px) 100vw, 350px\" \/><\/p>\n<p><em>Profesionales que trabajan en los servicios de alimentaci\u00f3n de instituciones p\u00fablicas y privadas han participado de la Jornada de Sensibilizaci\u00f3n en la \u201cGu\u00eda de Organizaci\u00f3n, Gesti\u00f3n y Buenas Pr\u00e1cticas de Manufactura para Servicios de Alimentaci\u00f3n\u201d organizado por el INAN.<\/em><\/p>\n<p style=\"text-align: center;\"><img loading=\"lazy\" decoding=\"async\" class=\"alignnone size-full wp-image-432\" src=\"http:\/\/www.inan.gov.py\/site\/wp-content\/uploads\/2016\/09\/servicios6.jpg\" alt=\"servicios6\" width=\"250\" height=\"167\" \/>\u00a0<img loading=\"lazy\" decoding=\"async\" class=\"alignnone size-full wp-image-433\" src=\"http:\/\/www.inan.gov.py\/site\/wp-content\/uploads\/2016\/09\/servicios5.jpg\" alt=\"servicios5\" width=\"250\" height=\"167\" \/><\/p>\n<p>El martes 6 de setiembre de 2016 se realiz\u00f3 en el Sal\u00f3n Auditorio del Instituto de Alimentaci\u00f3n y Nutrici\u00f3n la Jornada de Sensiblizaci\u00f3n en la \u201cGu\u00eda de Organizaci\u00f3n, Gesti\u00f3n y Buenas Pr\u00e1cticas de Manufactura para Servicios de Alimentaci\u00f3n\u201d. Participaron de la actividad tecn\u00f3logos de alimentos y nutricionistas que trabajan en el servicio de alimentaci\u00f3n de hospitales estales, paraestatales y privados.<\/p>\n<p style=\"text-align: center;\"><img loading=\"lazy\" decoding=\"async\" class=\"alignnone size-full wp-image-434\" src=\"http:\/\/www.inan.gov.py\/site\/wp-content\/uploads\/2016\/09\/servicios4.jpg\" alt=\"servicios4\" width=\"250\" height=\"167\" \/>\u00a0<img loading=\"lazy\" decoding=\"async\" class=\"alignnone size-full wp-image-435\" src=\"http:\/\/www.inan.gov.py\/site\/wp-content\/uploads\/2016\/09\/servicios3.jpg\" alt=\"servicios3\" width=\"250\" height=\"167\" \/><\/p>\n<p>Durante la capacitaci\u00f3n se abordaron temas referentes al contenido de la gu\u00eda mencionada, y se realizaron talleres grupales para el desarrollo de propuestas de manuales, procedimientos, planillas o registros que pudieran servir para la gesti\u00f3n \u00f3ptima de un servicio de alimentaci\u00f3n.<\/p>\n<p style=\"text-align: center;\"><img loading=\"lazy\" decoding=\"async\" class=\"alignnone size-full wp-image-437\" src=\"http:\/\/www.inan.gov.py\/site\/wp-content\/uploads\/2016\/09\/servicios7-1.jpg\" alt=\"servicios7\" width=\"250\" height=\"167\" \/>\u00a0<img loading=\"lazy\" decoding=\"async\" class=\"alignnone size-full wp-image-438\" src=\"http:\/\/www.inan.gov.py\/site\/wp-content\/uploads\/2016\/09\/servicios8.jpg\" alt=\"servicios8\" width=\"250\" height=\"167\" \/><\/p>\n<p style=\"text-align: left;\">Los profesionales asistentes a la jornada destacaron la importancia del documento elaborado, el cual es un documento transversal a todos los servicios de alimentaci\u00f3n, que podr\u00eda servir para la estructuraci\u00f3n o adecuaci\u00f3n del servicio ofrecido por los hospitales del pa\u00eds.<\/p>\n<p>As\u00ed mismo, esta actividad de sensibilizaci\u00f3n continuar\u00e1 con el tema del \u00e1rea de preparaci\u00f3n de f\u00f3rmulas enterales el pr\u00f3ximo martes 13 de setiembre en horario de 07:30 a 12:00 horas. Posteriormente, se preveen futuras actividades similares.<\/p>\n","protected":false},"excerpt":{"rendered":"<p>Profesionales que trabajan en los servicios de alimentaci\u00f3n de instituciones p\u00fablicas y privadas han participado de la Jornada de Sensibilizaci\u00f3n en la \u201cGu\u00eda de Organizaci\u00f3n, Gesti\u00f3n y Buenas Pr\u00e1cticas de Manufactura para Servicios de Alimentaci\u00f3n\u201d organizado por el INAN. \u00a0 El martes 6 de setiembre de 2016 se realiz\u00f3 en el Sal\u00f3n Auditorio del Instituto &hellip; <\/p>\n<p><a class=\"more-link btn\" href=\"https:\/\/www.inan.gov.py\/site\/?p=430\">Seguir leyendo<\/a><\/p>\n","protected":false},"author":2,"featured_media":0,"comment_status":"closed","ping_status":"closed","sticky":false,"template":"","format":"standard","meta":{"footnotes":""},"categories":[4],"tags":[],"class_list":["post-430","post","type-post","status-publish","format-standard","hentry","category-novedades","nodate","item-wrap"],"_links":{"self":[{"href":"https:\/\/www.inan.gov.py\/site\/index.php?rest_route=\/wp\/v2\/posts\/430","targetHints":{"allow":["GET"]}}],"collection":[{"href":"https:\/\/www.inan.gov.py\/site\/index.php?rest_route=\/wp\/v2\/posts"}],"about":[{"href":"https:\/\/www.inan.gov.py\/site\/index.php?rest_route=\/wp\/v2\/types\/post"}],"author":[{"embeddable":true,"href":"https:\/\/www.inan.gov.py\/site\/index.php?rest_route=\/wp\/v2\/users\/2"}],"replies":[{"embeddable":true,"href":"https:\/\/www.inan.gov.py\/site\/index.php?rest_route=%2Fwp%2Fv2%2Fcomments&post=430"}],"version-history":[{"count":2,"href":"https:\/\/www.inan.gov.py\/site\/index.php?rest_route=\/wp\/v2\/posts\/430\/revisions"}],"predecessor-version":[{"id":441,"href":"https:\/\/www.inan.gov.py\/site\/index.php?rest_route=\/wp\/v2\/posts\/430\/revisions\/441"}],"wp:attachment":[{"href":"https:\/\/www.inan.gov.py\/site\/index.php?rest_route=%2Fwp%2Fv2%2Fmedia&parent=430"}],"wp:term":[{"taxonomy":"category","embeddable":true,"href":"https:\/\/www.inan.gov.py\/site\/index.php?rest_route=%2Fwp%2Fv2%2Fcategories&post=430"},{"taxonomy":"post_tag","embeddable":true,"href":"https:\/\/www.inan.gov.py\/site\/index.php?rest_route=%2Fwp%2Fv2%2Ftags&post=430"}],"curies":[{"name":"wp","href":"https:\/\/api.w.org\/{rel}","templated":true}]}}