{"id":5360,"date":"2021-10-07T12:21:23","date_gmt":"2021-10-07T12:21:23","guid":{"rendered":"https:\/\/www.inan.gov.py\/site\/?p=5360"},"modified":"2021-12-03T13:51:45","modified_gmt":"2021-12-03T13:51:45","slug":"inan-organiza-seminario-internacional-en-conmemoracion-al-dia-mundial-de-la-alimentacion-2021","status":"publish","type":"post","link":"https:\/\/www.inan.gov.py\/site\/?p=5360","title":{"rendered":"INAN organiza Seminario Internacional en conmemoraci\u00f3n al \u201cD\u00eda Mundial de la Alimentaci\u00f3n 2021\u201d"},"content":{"rendered":"<p><img loading=\"lazy\" decoding=\"async\" class=\"alignnone size-full wp-image-5363\" src=\"https:\/\/www.inan.gov.py\/site\/wp-content\/uploads\/2021\/10\/PORTADADMA2021.jpg\" alt=\"\" width=\"1000\" height=\"323\" srcset=\"https:\/\/www.inan.gov.py\/site\/wp-content\/uploads\/2021\/10\/PORTADADMA2021.jpg 1000w, https:\/\/www.inan.gov.py\/site\/wp-content\/uploads\/2021\/10\/PORTADADMA2021-300x97.jpg 300w, https:\/\/www.inan.gov.py\/site\/wp-content\/uploads\/2021\/10\/PORTADADMA2021-768x248.jpg 768w\" sizes=\"auto, (max-width: 1000px) 100vw, 1000px\" \/><\/p>\n<p><span style=\"font-weight: 400;\">En el marco del <\/span><b><i>Dia Mundial de la Alimentaci\u00f3n<\/i><\/b><span style=\"font-weight: 400;\">, que se conmemora el <strong>16 de octubre<\/strong> de cada a\u00f1o, el <strong>Instituto Nacional de Alimentaci\u00f3n y Nutrici\u00f3n \u2013 INAN<\/strong>, organismo t\u00e9cnico dependiente del <strong>Ministerio de Salud P\u00fablica y Bienestar Social<\/strong>, se encuentra organizando una semana de conferencias destinadas a profesionales y p\u00fablico interesado.\u00a0<\/span><\/p>\n<p><span style=\"font-weight: 400;\">Para este a\u00f1o el lema que propone trabajar FAO es: <\/span><b><i>Nuestras acciones son nuestro futuro.\u00a0<\/i><\/b><b><i>Mejor producci\u00f3n, mejor nutrici\u00f3n, un mejor medio, <\/i><\/b><span style=\"font-weight: 400;\">en este contexto desde el INAN se propone abordar temas de inter\u00e9s focalizados en dos pilares fundamentales como ser la <\/span><b><i>mejor producci\u00f3n de alimentos y mejor nutrici\u00f3n<\/i><\/b><span style=\"font-weight: 400;\">. Los seminarios se desarrollar\u00e1n a partir del d\u00eda lunes 11 al viernes 15 de octubre, contando para el desarrollo con invitados nacionales e internacionales,\u00a0 cerrando la semana con un video alusivo a la fecha a ser publicado el s\u00e1bado 16 de Octubre por las p\u00e1ginas de difusi\u00f3n de nuestra instituci\u00f3n y las instituciones colaboradoras.<\/span><!--more--><\/p>\n<p><img loading=\"lazy\" decoding=\"async\" class=\"size-large wp-image-5361 aligncenter\" src=\"https:\/\/www.inan.gov.py\/site\/wp-content\/uploads\/2021\/10\/PROGRAMA-AGENDA-DMA-2021-resumen-521x1024.jpg\" alt=\"\" width=\"521\" height=\"1024\" srcset=\"https:\/\/www.inan.gov.py\/site\/wp-content\/uploads\/2021\/10\/PROGRAMA-AGENDA-DMA-2021-resumen-521x1024.jpg 521w, https:\/\/www.inan.gov.py\/site\/wp-content\/uploads\/2021\/10\/PROGRAMA-AGENDA-DMA-2021-resumen-153x300.jpg 153w, https:\/\/www.inan.gov.py\/site\/wp-content\/uploads\/2021\/10\/PROGRAMA-AGENDA-DMA-2021-resumen-768x1509.jpg 768w, https:\/\/www.inan.gov.py\/site\/wp-content\/uploads\/2021\/10\/PROGRAMA-AGENDA-DMA-2021-resumen.jpg 1000w\" sizes=\"auto, (max-width: 521px) 100vw, 521px\" \/><\/p>\n<p><span style=\"font-weight: 400;\">Los interesados deber\u00e1n acceder al link de la pre inscripci\u00f3n, lo cual generar\u00e1 un acceso a la sala de reuni\u00f3n o conferencia de su inter\u00e9s a trav\u00e9s de un nuevo link, que le llegar\u00e1 a su correo electr\u00f3nico personal. Siendo los links para las pre inscripciones:\u00a0<\/span><\/p>\n<p><b>LUNES: 11 oct. 2021.\u00a0<\/b><span style=\"font-weight: 400;\">Hora del evento: 17:00 HS<\/span><\/p>\n<p><span style=\"font-weight: 400;\">Tema: <\/span><b><i>La importancia de los sistemas agroalimentarios en la actualidad<\/i><\/b><\/p>\n<p><span style=\"font-weight: 400;\">Inscr\u00edbase: <\/span><a href=\"https:\/\/fao.zoom.us\/webinar\/register\/WN_XFtW-dCiRaC2XanlfZoS2w\"><span style=\"font-weight: 400;\">https:\/\/fao.zoom.us\/webinar\/register\/WN_XFtW-dCiRaC2XanlfZoS2w<\/span><\/a><\/p>\n<p><span style=\"font-weight: 400;\">Dirigido a: estudiantes y profesionales de las carreras de salud y agronom\u00eda y ciudadan\u00eda interesada.<\/span><\/p>\n<p>&nbsp;<\/p>\n<p><b>MARTES: 12 oct. 2021.\u00a0<\/b><span style=\"font-weight: 400;\">Hora del evento 17:00 HS\u00a0<\/span><\/p>\n<p><span style=\"font-weight: 400;\">Tema: <\/span><b><i>Implementaci\u00f3n efectiva de los sistemas agroalimentarios<\/i><\/b><\/p>\n<p><span style=\"font-weight: 400;\">Inscr\u00edbase: <\/span><a href=\"https:\/\/fao.zoom.us\/webinar\/register\/WN_-q9ivqjiSfGJQCwnG1wZVg\"><span style=\"font-weight: 400;\">https:\/\/fao.zoom.us\/webinar\/register\/WN_-q9ivqjiSfGJQCwnG1wZVg<\/span><\/a><\/p>\n<p><span style=\"font-weight: 400;\">Dirigida a: estudiantes y profesionales de las carreras de salud y agronom\u00eda y ciudadan\u00eda interesada.<\/span><\/p>\n<p>&nbsp;<\/p>\n<p><b>MIERCOLES 13 oct. 2021.\u00a0<\/b><span style=\"font-weight: 400;\">Hora del evento 10:00 HS<\/span><\/p>\n<p><span style=\"font-weight: 400;\">Tema: <\/span><b><i>Promoci\u00f3n de la alimentaci\u00f3n saludable en el \u00e1mbito escolar<\/i><\/b><\/p>\n<p><span style=\"font-weight: 400;\">Inscr\u00edbase: <\/span><a href=\"https:\/\/fao.zoom.us\/webinar\/register\/WN_bY4gAfvOSLC8Rr2cd63ntw\"><span style=\"font-weight: 400;\">https:\/\/fao.zoom.us\/webinar\/register\/WN_bY4gAfvOSLC8Rr2cd63ntw<\/span><\/a><\/p>\n<p><span style=\"font-weight: 400;\">Dirigida a: profesionales de la salud, docentes y ciudadan\u00eda interesada.<\/span><\/p>\n<p>&nbsp;<\/p>\n<p><b>J<\/b><b>UEVES: 14 oct. 2021.\u00a0<\/b><span style=\"font-weight: 400;\">Hora del evento 17:00 HS<\/span><\/p>\n<p><span style=\"font-weight: 400;\">Tema: <\/span><b><i>Alimentos naturales y su impacto en la salud<\/i><\/b><\/p>\n<p><span style=\"font-weight: 400;\">Inscr\u00edbase: <\/span><a href=\"https:\/\/fao.zoom.us\/webinar\/register\/WN_9AHCachwQci10Zw82Y2IGA\"><span style=\"font-weight: 400;\">https:\/\/fao.zoom.us\/webinar\/register\/WN_9AHCachwQci10Zw82Y2IGA<\/span><\/a><\/p>\n<p><span style=\"font-weight: 400;\">Dirigida a: profesionales de la salud, docentes y ciudadan\u00eda interesada.<\/span><\/p>\n<p>&nbsp;<\/p>\n<p><b>VIERNES 15 oct. 2021.\u00a0<\/b><span style=\"font-weight: 400;\">Hora del evento 10:00 HS<\/span><\/p>\n<p><span style=\"font-weight: 400;\">Tema: <strong><em>Como reducir desperdicios y aprovechar los alimentos.<\/em><\/strong><\/span><\/p>\n<p><span style=\"font-weight: 400;\">Dirigida a: mujeres emprendedoras, amas de casa, encargados de la alimentaci\u00f3n del hogar y ciudadan\u00eda interesada.<\/span><\/p>\n<p><b><i>Esta actividad ser\u00e1 la \u00fanica transmitida en vivo por Facebook live<\/i><\/b><\/p>\n<p>&nbsp;<\/p>\n<p><b>S\u00c1BADO 16 de oct. del 2021.\u00a0<\/b><span style=\"font-weight: 400;\">Hora del evento 09:00 HS<\/span><\/p>\n<p><span style=\"font-weight: 400;\">Publicaci\u00f3n de video alusivo al d\u00eda.\u00a0<\/span><span style=\"font-weight: 400;\">Dirigida a la poblaci\u00f3n en general.<\/span><\/p>\n<p>&nbsp;<\/p>\n<p><a href=\"https:\/\/drive.google.com\/file\/d\/1qQgbkqlyYdOaMDCks5m-nNQLqyO1440b\/view?usp=sharing\"><strong>Descargar el programa completo<\/strong><\/a><\/p>\n","protected":false},"excerpt":{"rendered":"<p>En el marco del Dia Mundial de la Alimentaci\u00f3n, que se conmemora el 16 de octubre de cada a\u00f1o, el Instituto Nacional de Alimentaci\u00f3n y Nutrici\u00f3n \u2013 INAN, organismo t\u00e9cnico dependiente del Ministerio de Salud P\u00fablica y Bienestar Social, se encuentra organizando una semana de conferencias destinadas a profesionales y p\u00fablico interesado.\u00a0 Para este a\u00f1o &hellip; <\/p>\n<p><a class=\"more-link btn\" href=\"https:\/\/www.inan.gov.py\/site\/?p=5360\">Seguir leyendo<\/a><\/p>\n","protected":false},"author":2,"featured_media":0,"comment_status":"closed","ping_status":"closed","sticky":false,"template":"","format":"standard","meta":{"footnotes":""},"categories":[4],"tags":[],"class_list":["post-5360","post","type-post","status-publish","format-standard","hentry","category-novedades","nodate","item-wrap"],"_links":{"self":[{"href":"https:\/\/www.inan.gov.py\/site\/index.php?rest_route=\/wp\/v2\/posts\/5360","targetHints":{"allow":["GET"]}}],"collection":[{"href":"https:\/\/www.inan.gov.py\/site\/index.php?rest_route=\/wp\/v2\/posts"}],"about":[{"href":"https:\/\/www.inan.gov.py\/site\/index.php?rest_route=\/wp\/v2\/types\/post"}],"author":[{"embeddable":true,"href":"https:\/\/www.inan.gov.py\/site\/index.php?rest_route=\/wp\/v2\/users\/2"}],"replies":[{"embeddable":true,"href":"https:\/\/www.inan.gov.py\/site\/index.php?rest_route=%2Fwp%2Fv2%2Fcomments&post=5360"}],"version-history":[{"count":7,"href":"https:\/\/www.inan.gov.py\/site\/index.php?rest_route=\/wp\/v2\/posts\/5360\/revisions"}],"predecessor-version":[{"id":5382,"href":"https:\/\/www.inan.gov.py\/site\/index.php?rest_route=\/wp\/v2\/posts\/5360\/revisions\/5382"}],"wp:attachment":[{"href":"https:\/\/www.inan.gov.py\/site\/index.php?rest_route=%2Fwp%2Fv2%2Fmedia&parent=5360"}],"wp:term":[{"taxonomy":"category","embeddable":true,"href":"https:\/\/www.inan.gov.py\/site\/index.php?rest_route=%2Fwp%2Fv2%2Fcategories&post=5360"},{"taxonomy":"post_tag","embeddable":true,"href":"https:\/\/www.inan.gov.py\/site\/index.php?rest_route=%2Fwp%2Fv2%2Ftags&post=5360"}],"curies":[{"name":"wp","href":"https:\/\/api.w.org\/{rel}","templated":true}]}}