{"id":537,"date":"2016-11-30T17:32:11","date_gmt":"2016-11-30T17:32:11","guid":{"rendered":"http:\/\/www.inan.gov.py\/site\/?p=537"},"modified":"2016-12-05T11:12:57","modified_gmt":"2016-12-05T11:12:57","slug":"convocatoria-para-capacitacion-abierta-en-cantinas-saludables","status":"publish","type":"post","link":"https:\/\/www.inan.gov.py\/site\/?p=537","title":{"rendered":"LISTA DE PARTICIPANTES CAPACITACI\u00d3N ABIERTA EN CANTINAS SALUDABLES"},"content":{"rendered":"<p><strong>Lista de participantes Capacitaci\u00f3n Abierta en Cantinas Saludables.\u00a0<\/strong><\/p>\n<table style=\"border-collapse: collapse; width: 291px; height: 326px;\" border=\"0\" width=\"185\" cellspacing=\"0\" cellpadding=\"0\">\n<colgroup>\n<col style=\"width: 139pt;\" width=\"185\" \/><\/colgroup>\n<tbody>\n<tr style=\"height: 15.0pt;\">\n<td style=\"height: 15.0pt; width: 139pt;\" width=\"185\" height=\"20\">Elsa Alderete<\/td>\n<\/tr>\n<tr style=\"height: 15.0pt;\">\n<td style=\"height: 15.0pt;\" height=\"20\">Nathalia Bel\u00e9n Espinoza Caba\u00f1a<\/td>\n<\/tr>\n<tr style=\"height: 15.0pt;\">\n<td style=\"height: 15.0pt;\" height=\"20\">Lourdes Rodr\u00edguez<\/td>\n<\/tr>\n<tr style=\"height: 15.0pt;\">\n<td style=\"height: 15.0pt;\" height=\"20\">Veronica Salinas Ortiz<\/td>\n<\/tr>\n<tr style=\"height: 15.0pt;\">\n<td style=\"height: 15.0pt;\" height=\"20\">Mar\u00eda Elizabeth Nu\u00f1ez Elizeche<\/td>\n<\/tr>\n<tr style=\"height: 15.0pt;\">\n<td style=\"height: 15.0pt;\" height=\"20\">Marcelo Enrique Achucarro<\/td>\n<\/tr>\n<tr style=\"height: 15.0pt;\">\n<td style=\"height: 15.0pt;\" height=\"20\">Juan Manuel Sandoval Medina<\/td>\n<\/tr>\n<tr style=\"height: 15.0pt;\">\n<td style=\"height: 15.0pt;\" height=\"20\">Leonarda Marin de Zarza<\/td>\n<\/tr>\n<tr style=\"height: 15.0pt;\">\n<td style=\"height: 15.0pt;\" height=\"20\">Sergio Antonio Aquino<\/td>\n<\/tr>\n<tr style=\"height: 15.0pt;\">\n<td style=\"height: 15.0pt;\" height=\"20\">Stela Diana Paniagua<\/td>\n<\/tr>\n<tr style=\"height: 15.0pt;\">\n<td style=\"height: 15.0pt;\" height=\"20\">Cinthia Lourdes P\u00e1ez G\u00f3mez<\/td>\n<\/tr>\n<tr style=\"height: 15.0pt;\">\n<td style=\"height: 15.0pt;\" height=\"20\">Cynthia Andrea Cristaldo<\/td>\n<\/tr>\n<tr style=\"height: 15.0pt;\">\n<td style=\"height: 15.0pt;\" height=\"20\">Herminia Britez de Aquino<\/td>\n<\/tr>\n<\/tbody>\n<\/table>\n<p>El <strong>Instituto Nacional de Alimentaci\u00f3n y Nutrici\u00f3n (INAN),<\/strong> convoca propietarios y\/o personal designado para la atenci\u00f3n de cantinas en escuelas y colegio del pa\u00eds\u00a0 a postularse para la capacitaci\u00f3n abierta en <strong>Cantinas Saludables<\/strong>, a realizarse el <strong>martes 06 de diciembre de 08:00 a 13:00 hs, en el Instituto Nacional de Alimentaci\u00f3n y Nutrici\u00f3n ; sitio en Av. Stma. Trinidad e Itap\u00faa.<\/strong><\/p>\n<p>Para postular los interesados deber\u00e1n completar la<strong> <a href=\"https:\/\/drive.google.com\/file\/d\/0B0fO30Y7z_VPbGFsaGMtSjlfZ3c\/view?usp=sharing\">ficha de postulaci\u00f3n<\/a> <\/strong>hasta las 10:00 hs. del viernes 02 de diciembre\u00a0 del corriente a\u00f1o, en el correo <u><strong>iec.inan@gmail.com<\/strong>\u00a0<\/u>Cabe mencionar que la jornada no tendr\u00e1 costo.<\/p>\n<p>De ser seleccionado se solicita a cada participante llevar a la jornada una fruta de su agrado. Aclarando que se dar\u00e1 hasta 3 lugares por empresa y solo podr\u00e1 participar la persona seleccionada.<\/p>\n<p>Contar con una cantina saludable en las instituciones educativas a nivel pa\u00eds tiene por objetivo mejorar los h\u00e1bitos de alimentaci\u00f3n y estilos de vida de la comunidad educativa. Cabe mencionar que su implementaci\u00f3n tiene inicio desde el a\u00f1o 2011.<\/p>\n<p><strong><em><u>Consultas al 282790 interno 630<\/u><\/em><\/strong><\/p>\n","protected":false},"excerpt":{"rendered":"<p>Lista de participantes Capacitaci\u00f3n Abierta en Cantinas Saludables.\u00a0 Elsa Alderete Nathalia Bel\u00e9n Espinoza Caba\u00f1a Lourdes Rodr\u00edguez Veronica Salinas Ortiz Mar\u00eda Elizabeth Nu\u00f1ez Elizeche Marcelo Enrique Achucarro Juan Manuel Sandoval Medina Leonarda Marin de Zarza Sergio Antonio Aquino Stela Diana Paniagua Cinthia Lourdes P\u00e1ez G\u00f3mez Cynthia Andrea Cristaldo Herminia Britez de Aquino El Instituto Nacional de &hellip; <\/p>\n<p><a class=\"more-link btn\" href=\"https:\/\/www.inan.gov.py\/site\/?p=537\">Seguir leyendo<\/a><\/p>\n","protected":false},"author":2,"featured_media":0,"comment_status":"closed","ping_status":"closed","sticky":false,"template":"","format":"standard","meta":{"footnotes":""},"categories":[4],"tags":[],"class_list":["post-537","post","type-post","status-publish","format-standard","hentry","category-novedades","nodate","item-wrap"],"_links":{"self":[{"href":"https:\/\/www.inan.gov.py\/site\/index.php?rest_route=\/wp\/v2\/posts\/537","targetHints":{"allow":["GET"]}}],"collection":[{"href":"https:\/\/www.inan.gov.py\/site\/index.php?rest_route=\/wp\/v2\/posts"}],"about":[{"href":"https:\/\/www.inan.gov.py\/site\/index.php?rest_route=\/wp\/v2\/types\/post"}],"author":[{"embeddable":true,"href":"https:\/\/www.inan.gov.py\/site\/index.php?rest_route=\/wp\/v2\/users\/2"}],"replies":[{"embeddable":true,"href":"https:\/\/www.inan.gov.py\/site\/index.php?rest_route=%2Fwp%2Fv2%2Fcomments&post=537"}],"version-history":[{"count":5,"href":"https:\/\/www.inan.gov.py\/site\/index.php?rest_route=\/wp\/v2\/posts\/537\/revisions"}],"predecessor-version":[{"id":544,"href":"https:\/\/www.inan.gov.py\/site\/index.php?rest_route=\/wp\/v2\/posts\/537\/revisions\/544"}],"wp:attachment":[{"href":"https:\/\/www.inan.gov.py\/site\/index.php?rest_route=%2Fwp%2Fv2%2Fmedia&parent=537"}],"wp:term":[{"taxonomy":"category","embeddable":true,"href":"https:\/\/www.inan.gov.py\/site\/index.php?rest_route=%2Fwp%2Fv2%2Fcategories&post=537"},{"taxonomy":"post_tag","embeddable":true,"href":"https:\/\/www.inan.gov.py\/site\/index.php?rest_route=%2Fwp%2Fv2%2Ftags&post=537"}],"curies":[{"name":"wp","href":"https:\/\/api.w.org\/{rel}","templated":true}]}}