{"id":5383,"date":"2021-10-11T14:33:24","date_gmt":"2021-10-11T14:33:24","guid":{"rendered":"https:\/\/www.inan.gov.py\/site\/?p=5383"},"modified":"2021-12-03T13:51:14","modified_gmt":"2021-12-03T13:51:14","slug":"el-inan-organiza-seminario-internacional-en-conmemoracion-al-dia-mundial-de-la-alimentacion-2021","status":"publish","type":"post","link":"https:\/\/www.inan.gov.py\/site\/?p=5383","title":{"rendered":"El INAN organiza Seminario Internacional en conmemoraci\u00f3n al \u201cD\u00eda Mundial de la Alimentaci\u00f3n 2021\u201d"},"content":{"rendered":"<p><span style=\"font-weight: 400;\">En el marco del <\/span><b><i>Dia Mundial de la Alimentaci\u00f3n<\/i><\/b><span style=\"font-weight: 400;\">, que se conmemora el <strong>16 de octubre<\/strong> de cada a\u00f1o, el <strong>Instituto Nacional de Alimentaci\u00f3n y Nutrici\u00f3n \u2013 INAN<\/strong>, organismo t\u00e9cnico dependiente del Ministerio de Salud P\u00fablica y Bienestar Social, se encuentra organizando una semana de conferencias destinadas a profesionales y p\u00fablico interesado.\u00a0<\/span><\/p>\n<p><span style=\"font-weight: 400;\">Para este a\u00f1o el lema que propone trabajar FAO es: <\/span><b><i>Nuestras acciones son nuestro futuro.<\/i><\/b><\/p>\n<p><b><i>Mejor producci\u00f3n, mejor nutrici\u00f3n, un mejor medio, <\/i><\/b><span style=\"font-weight: 400;\">en este contexto desde el INAN se propone abordar temas de inter\u00e9s focalizados en dos pilares fundamentales como ser la mejor producci\u00f3n de alimentos y mejor nutrici\u00f3n, el d\u00eda de hoy estaremos desarrollando el tema: \u201c<\/span><b><i>La importancia de los sistemas agroalimentarios en la actualidad\u201d a trav\u00e9s de la plataforma zoom a las 17:00 hs.<\/i><\/b><\/p>\n<p><img loading=\"lazy\" decoding=\"async\" class=\"alignnone size-large wp-image-5384\" src=\"https:\/\/www.inan.gov.py\/site\/wp-content\/uploads\/2021\/10\/Flyer-lnes-724x1024.jpeg\" alt=\"\" width=\"724\" height=\"1024\" srcset=\"https:\/\/www.inan.gov.py\/site\/wp-content\/uploads\/2021\/10\/Flyer-lnes-724x1024.jpeg 724w, https:\/\/www.inan.gov.py\/site\/wp-content\/uploads\/2021\/10\/Flyer-lnes-212x300.jpeg 212w, https:\/\/www.inan.gov.py\/site\/wp-content\/uploads\/2021\/10\/Flyer-lnes-768x1086.jpeg 768w, https:\/\/www.inan.gov.py\/site\/wp-content\/uploads\/2021\/10\/Flyer-lnes.jpeg 905w\" sizes=\"auto, (max-width: 724px) 100vw, 724px\" \/><!--more--><\/p>\n<p><b><i>\u00bfComo podr\u00e1 acceder el interesado?<\/i><\/b><\/p>\n<p><span style=\"font-weight: 400;\">El interesado deber\u00e1 acceder al link <\/span><a href=\"https:\/\/bit.ly\/3oEM9SW\"><span style=\"font-weight: 400;\"><strong>https:\/\/bit.ly\/3oEM9SW<\/strong><\/span><\/a> <span style=\"font-weight: 400;\">para la pre inscripci\u00f3n, lo cual generar\u00e1 un acceso a la sala de reuni\u00f3n a trav\u00e9s de un nuevo link que le llegar\u00e1 a su correo electr\u00f3nico personal. La jornada de hoy est\u00e1 dirigida a: estudiantes y profesionales de las carreras de salud y agronom\u00eda y ciudadan\u00eda interesada.<\/span><\/p>\n","protected":false},"excerpt":{"rendered":"<p>En el marco del Dia Mundial de la Alimentaci\u00f3n, que se conmemora el 16 de octubre de cada a\u00f1o, el Instituto Nacional de Alimentaci\u00f3n y Nutrici\u00f3n \u2013 INAN, organismo t\u00e9cnico dependiente del Ministerio de Salud P\u00fablica y Bienestar Social, se encuentra organizando una semana de conferencias destinadas a profesionales y p\u00fablico interesado.\u00a0 Para este a\u00f1o &hellip; <\/p>\n<p><a class=\"more-link btn\" href=\"https:\/\/www.inan.gov.py\/site\/?p=5383\">Seguir leyendo<\/a><\/p>\n","protected":false},"author":2,"featured_media":0,"comment_status":"closed","ping_status":"closed","sticky":false,"template":"","format":"standard","meta":{"footnotes":""},"categories":[4],"tags":[],"class_list":["post-5383","post","type-post","status-publish","format-standard","hentry","category-novedades","nodate","item-wrap"],"_links":{"self":[{"href":"https:\/\/www.inan.gov.py\/site\/index.php?rest_route=\/wp\/v2\/posts\/5383","targetHints":{"allow":["GET"]}}],"collection":[{"href":"https:\/\/www.inan.gov.py\/site\/index.php?rest_route=\/wp\/v2\/posts"}],"about":[{"href":"https:\/\/www.inan.gov.py\/site\/index.php?rest_route=\/wp\/v2\/types\/post"}],"author":[{"embeddable":true,"href":"https:\/\/www.inan.gov.py\/site\/index.php?rest_route=\/wp\/v2\/users\/2"}],"replies":[{"embeddable":true,"href":"https:\/\/www.inan.gov.py\/site\/index.php?rest_route=%2Fwp%2Fv2%2Fcomments&post=5383"}],"version-history":[{"count":3,"href":"https:\/\/www.inan.gov.py\/site\/index.php?rest_route=\/wp\/v2\/posts\/5383\/revisions"}],"predecessor-version":[{"id":5387,"href":"https:\/\/www.inan.gov.py\/site\/index.php?rest_route=\/wp\/v2\/posts\/5383\/revisions\/5387"}],"wp:attachment":[{"href":"https:\/\/www.inan.gov.py\/site\/index.php?rest_route=%2Fwp%2Fv2%2Fmedia&parent=5383"}],"wp:term":[{"taxonomy":"category","embeddable":true,"href":"https:\/\/www.inan.gov.py\/site\/index.php?rest_route=%2Fwp%2Fv2%2Fcategories&post=5383"},{"taxonomy":"post_tag","embeddable":true,"href":"https:\/\/www.inan.gov.py\/site\/index.php?rest_route=%2Fwp%2Fv2%2Ftags&post=5383"}],"curies":[{"name":"wp","href":"https:\/\/api.w.org\/{rel}","templated":true}]}}