{"id":5755,"date":"2021-12-17T15:42:40","date_gmt":"2021-12-17T15:42:40","guid":{"rendered":"https:\/\/www.inan.gov.py\/site\/?p=5755"},"modified":"2021-12-29T19:58:56","modified_gmt":"2021-12-29T19:58:56","slug":"culminan-en-el-inan-las-jornadas-de-cocina-saludable-para-las-fiestas-de-fin-de-ano","status":"publish","type":"post","link":"https:\/\/www.inan.gov.py\/site\/?p=5755","title":{"rendered":"Culminan en el INAN las Jornadas de cocina saludable para las fiestas de Fin de A\u00f1o"},"content":{"rendered":"<p style=\"text-align: center;\"><img loading=\"lazy\" decoding=\"async\" class=\"alignnone size-full wp-image-5756\" src=\"https:\/\/www.inan.gov.py\/site\/wp-content\/uploads\/2021\/12\/JORNADA1.jpg\" alt=\"\" width=\"450\" height=\"223\" srcset=\"https:\/\/www.inan.gov.py\/site\/wp-content\/uploads\/2021\/12\/JORNADA1.jpg 450w, https:\/\/www.inan.gov.py\/site\/wp-content\/uploads\/2021\/12\/JORNADA1-300x149.jpg 300w\" sizes=\"auto, (max-width: 450px) 100vw, 450px\" \/><\/p>\n<p style=\"text-align: center;\"><b><i>Jornada de comidas saludables como cierre de jornada por el a\u00f1o internacional de las frutas y verduras y las fiestas de fin de a\u00f1o.<\/i><\/b><\/p>\n<p><span style=\"font-weight: 400;\">El <strong>Instituto Nacional de Alimentaci\u00f3n y Nutrici\u00f3n INAN\u00a0<\/strong>ha realizado la segunda jornada de presentaci\u00f3n de recetas dirigida al encargado de la preparaci\u00f3n de comidas en el hogar con la finalidad de mostrar algunas opciones incorporando a las frutas, verduras y otros ingredientes que uno cuenta en su hogar. La misma se desarrollo el <\/span><b><i>viernes 17 de diciembre del 2021 a las 10:00 hs <\/i><\/b><i>en la explanada del <\/i><b><i>INAN <\/i><\/b>(Avda. Smta. Trinidad esquina Itap\u00faa).<!--more--><\/p>\n<p><span style=\"font-weight: 400;\">Durante la actividad se presentaron recetas como sopa paraguaya con el agregado del zapallo y zanahoria como parte de sus ingredientes, milanesa rellena de verduras y como opci\u00f3n de postre bud\u00edn con frutas incorporadas. El objetivo fue brindar recetas que tradicionalmente se utilizan en las fiestas de fin de a\u00f1o incorporando a las verduras y frutas dentro de las mismas.<\/span><\/p>\n<p style=\"text-align: center;\"><img loading=\"lazy\" decoding=\"async\" class=\"alignnone size-full wp-image-5760\" src=\"https:\/\/www.inan.gov.py\/site\/wp-content\/uploads\/2021\/12\/jornada3-1.jpg\" alt=\"\" width=\"500\" height=\"341\" srcset=\"https:\/\/www.inan.gov.py\/site\/wp-content\/uploads\/2021\/12\/jornada3-1.jpg 500w, https:\/\/www.inan.gov.py\/site\/wp-content\/uploads\/2021\/12\/jornada3-1-300x205.jpg 300w\" sizes=\"auto, (max-width: 500px) 100vw, 500px\" \/><\/p>\n<p><span style=\"font-weight: 400;\">Cabe destacar que este a\u00f1o la <strong>Asamblea General de las Naciones Unidas<\/strong> design\u00f3 al a\u00f1o 2021 como el<strong> A\u00f1o Internacional de las Frutas y Verduras (AIFV)<\/strong>, con el objetivo de concienciar sobre la importancia de estos alimentos para la nutrici\u00f3n humana, la seguridad alimentaria y la salud.<\/span><\/p>\n<p style=\"text-align: center;\"><img loading=\"lazy\" decoding=\"async\" class=\"alignnone size-full wp-image-5761\" src=\"https:\/\/www.inan.gov.py\/site\/wp-content\/uploads\/2021\/12\/jornada4-1.jpg\" alt=\"\" width=\"500\" height=\"341\" srcset=\"https:\/\/www.inan.gov.py\/site\/wp-content\/uploads\/2021\/12\/jornada4-1.jpg 500w, https:\/\/www.inan.gov.py\/site\/wp-content\/uploads\/2021\/12\/jornada4-1-300x205.jpg 300w\" sizes=\"auto, (max-width: 500px) 100vw, 500px\" \/><\/p>\n<p><span style=\"font-weight: 400;\">La\u00a0<strong>FAO\u00a0<\/strong>y la <strong>Organizaci\u00f3n Mundial de la Salud (OMS)<\/strong> recomiendan el consumo de al\u00a0 menos 400 gramos de\u00a0frutas\u00a0y verduras al d\u00eda para prevenir enfermedades cr\u00f3nicas como el c\u00e1ncer, la diabetes, las enfermedades card\u00edacas y la obesidad, as\u00ed como para evitar las carencias de micronutrientes. Dentro de las recomendaciones de nuestras Gu\u00edas Alimentarias del Paraguay y en los menores de 2 a\u00f1os se hace menci\u00f3n de que \u201c<\/span><i><span style=\"font-weight: 400;\">Para estar sano debemos consumir\u00a0 diariamente verduras crudas y cocidas, en el almuerzo y en la cena<\/span><\/i><span style=\"font-weight: 400;\">\u201d y que debemos \u201c<\/span><i><span style=\"font-weight: 400;\">Consumir todos los d\u00edas 3 frutas de estaci\u00f3n porque tienen vitaminas y fibra\u201d<\/span><\/i><span style=\"font-weight: 400;\">, por estas razones la importancia de incorporar a estos alimentos dentro de nuestras comidas diarias y sobre todo brindar opciones atractivas y amigables a las familias.\u00a0<\/span><\/p>\n<p style=\"text-align: center;\"><img loading=\"lazy\" decoding=\"async\" class=\"alignnone size-full wp-image-5762\" src=\"https:\/\/www.inan.gov.py\/site\/wp-content\/uploads\/2021\/12\/jornada5.jpg\" alt=\"\" width=\"500\" height=\"341\" srcset=\"https:\/\/www.inan.gov.py\/site\/wp-content\/uploads\/2021\/12\/jornada5.jpg 500w, https:\/\/www.inan.gov.py\/site\/wp-content\/uploads\/2021\/12\/jornada5-300x205.jpg 300w\" sizes=\"auto, (max-width: 500px) 100vw, 500px\" \/><\/p>\n<p><span style=\"font-weight: 400;\">Para esta jornada adem\u00e1s de compartir algunas las recomendaciones sobre c\u00f3mo combinar nuestros platos cotidianamente para que sean coloridos, saludables y accesibles a las familias, los asistentes degustaron los alimentos preparados, es importante mencionar que\u00a0 esta jornada fue realizada con el apoyo de <strong>FAO Paraguay.\u00a0<\/strong><\/span><\/p>\n<p><img loading=\"lazy\" decoding=\"async\" class=\"size-full wp-image-5757 aligncenter\" src=\"https:\/\/www.inan.gov.py\/site\/wp-content\/uploads\/2021\/12\/jornada2-1.jpg\" alt=\"\" width=\"350\" height=\"230\" srcset=\"https:\/\/www.inan.gov.py\/site\/wp-content\/uploads\/2021\/12\/jornada2-1.jpg 350w, https:\/\/www.inan.gov.py\/site\/wp-content\/uploads\/2021\/12\/jornada2-1-300x197.jpg 300w\" sizes=\"auto, (max-width: 350px) 100vw, 350px\" \/><\/p>\n","protected":false},"excerpt":{"rendered":"<p>Jornada de comidas saludables como cierre de jornada por el a\u00f1o internacional de las frutas y verduras y las fiestas de fin de a\u00f1o. El Instituto Nacional de Alimentaci\u00f3n y Nutrici\u00f3n INAN\u00a0ha realizado la segunda jornada de presentaci\u00f3n de recetas dirigida al encargado de la preparaci\u00f3n de comidas en el hogar con la finalidad de &hellip; <\/p>\n<p><a class=\"more-link btn\" href=\"https:\/\/www.inan.gov.py\/site\/?p=5755\">Seguir leyendo<\/a><\/p>\n","protected":false},"author":2,"featured_media":0,"comment_status":"closed","ping_status":"closed","sticky":false,"template":"","format":"standard","meta":{"footnotes":""},"categories":[4],"tags":[],"class_list":["post-5755","post","type-post","status-publish","format-standard","hentry","category-novedades","nodate","item-wrap"],"_links":{"self":[{"href":"https:\/\/www.inan.gov.py\/site\/index.php?rest_route=\/wp\/v2\/posts\/5755","targetHints":{"allow":["GET"]}}],"collection":[{"href":"https:\/\/www.inan.gov.py\/site\/index.php?rest_route=\/wp\/v2\/posts"}],"about":[{"href":"https:\/\/www.inan.gov.py\/site\/index.php?rest_route=\/wp\/v2\/types\/post"}],"author":[{"embeddable":true,"href":"https:\/\/www.inan.gov.py\/site\/index.php?rest_route=\/wp\/v2\/users\/2"}],"replies":[{"embeddable":true,"href":"https:\/\/www.inan.gov.py\/site\/index.php?rest_route=%2Fwp%2Fv2%2Fcomments&post=5755"}],"version-history":[{"count":3,"href":"https:\/\/www.inan.gov.py\/site\/index.php?rest_route=\/wp\/v2\/posts\/5755\/revisions"}],"predecessor-version":[{"id":5764,"href":"https:\/\/www.inan.gov.py\/site\/index.php?rest_route=\/wp\/v2\/posts\/5755\/revisions\/5764"}],"wp:attachment":[{"href":"https:\/\/www.inan.gov.py\/site\/index.php?rest_route=%2Fwp%2Fv2%2Fmedia&parent=5755"}],"wp:term":[{"taxonomy":"category","embeddable":true,"href":"https:\/\/www.inan.gov.py\/site\/index.php?rest_route=%2Fwp%2Fv2%2Fcategories&post=5755"},{"taxonomy":"post_tag","embeddable":true,"href":"https:\/\/www.inan.gov.py\/site\/index.php?rest_route=%2Fwp%2Fv2%2Ftags&post=5755"}],"curies":[{"name":"wp","href":"https:\/\/api.w.org\/{rel}","templated":true}]}}