{"id":7251,"date":"2022-11-22T17:28:04","date_gmt":"2022-11-22T17:28:04","guid":{"rendered":"https:\/\/www.inan.gov.py\/site\/?p=7251"},"modified":"2023-03-16T16:09:36","modified_gmt":"2023-03-16T16:09:36","slug":"el-inan-capacita-a-agentes-comunitarios-del-chaco-paraguayo","status":"publish","type":"post","link":"https:\/\/www.inan.gov.py\/site\/?p=7251","title":{"rendered":"El INAN capacita a agentes comunitarios del Chaco Paraguayo."},"content":{"rendered":"<p style=\"text-align: center;\"><b>\u201cEquipo t\u00e9cnico del INAN realiza Taller de Capacitaci\u00f3n en Lactancia Materna y Alimentaci\u00f3n del Ni\u00f1o Peque\u00f1o para agentes comunitarios del Chaco Paraguayo\u201d\u00a0<\/b><\/p>\n<p style=\"text-align: center;\"><img loading=\"lazy\" decoding=\"async\" class=\"alignnone size-full wp-image-7253\" src=\"https:\/\/www.inan.gov.py\/site\/wp-content\/uploads\/2022\/11\/IMG-20221025-WA0108.jpg\" alt=\"\" width=\"700\" height=\"288\" srcset=\"https:\/\/www.inan.gov.py\/site\/wp-content\/uploads\/2022\/11\/IMG-20221025-WA0108.jpg 700w, https:\/\/www.inan.gov.py\/site\/wp-content\/uploads\/2022\/11\/IMG-20221025-WA0108-300x123.jpg 300w\" sizes=\"auto, (max-width: 700px) 100vw, 700px\" \/><\/p>\n<p><span style=\"font-weight: 400;\">En el marco del <strong>Proyecto de Cooperaci\u00f3n de UNICEF <\/strong><\/span><strong><i>\u201cConstruyendo Resiliencia en respuesta a la COVID \u2013 19 \u201c<\/i><\/strong> <span style=\"font-weight: 400;\">se llev\u00f3 a cabo el <strong>Taller de Lactancia Materna y Alimentaci\u00f3n del Ni\u00f1o Peque\u00f1o<\/strong> a trav\u00e9s de las Habilidades de Comunicaci\u00f3n, conjuntamente con la <strong>Direcci\u00f3n de Salud Integral de la Ni\u00f1ez y la Adolescencia (DIRSINA).<\/strong><\/span><!--more--><\/p>\n<p><img loading=\"lazy\" decoding=\"async\" class=\"size-full wp-image-7254 aligncenter\" src=\"https:\/\/www.inan.gov.py\/site\/wp-content\/uploads\/2022\/11\/IMG-20221025-WA0043.jpg\" alt=\"\" width=\"500\" height=\"249\" srcset=\"https:\/\/www.inan.gov.py\/site\/wp-content\/uploads\/2022\/11\/IMG-20221025-WA0043.jpg 500w, https:\/\/www.inan.gov.py\/site\/wp-content\/uploads\/2022\/11\/IMG-20221025-WA0043-300x149.jpg 300w\" sizes=\"auto, (max-width: 500px) 100vw, 500px\" \/><\/p>\n<p><span style=\"font-weight: 400;\">Dicha actividad fue realizada los d\u00edas 24 y 25 de octubre del presente a\u00f1o en el Sal\u00f3n auditorio de la <strong>Gobernaci\u00f3n de Boquer\u00f3n<\/strong><\/span><span style=\"font-weight: 400;\"> y <\/span><span style=\"font-weight: 400;\">estuvo dirigida a agentes comunitarios de salud que se encuentran trabajando con las familias de las comunidades del Chaco paraguayo.\u00a0<\/span><\/p>\n<p style=\"text-align: center;\"><img loading=\"lazy\" decoding=\"async\" class=\"alignnone size-full wp-image-7255\" src=\"https:\/\/www.inan.gov.py\/site\/wp-content\/uploads\/2022\/11\/20221024_114534.jpg\" alt=\"\" width=\"400\" height=\"241\" srcset=\"https:\/\/www.inan.gov.py\/site\/wp-content\/uploads\/2022\/11\/20221024_114534.jpg 400w, https:\/\/www.inan.gov.py\/site\/wp-content\/uploads\/2022\/11\/20221024_114534-300x181.jpg 300w\" sizes=\"auto, (max-width: 400px) 100vw, 400px\" \/><\/p>\n<p><span style=\"font-weight: 400;\">El enfoque educativo del taller fue desarrollar la autonom\u00eda en el aprendizaje y las habilidades de comunicaci\u00f3n, utilizando el contenido del rotafolio de Lactancia Materna y Alimentaci\u00f3n del Ni\u00f1o Peque\u00f1o y las herramientas para la comunicaci\u00f3n efectiva, e incluyo casos pr\u00e1cticos a ser utilizados en las visitas realizadas a los hogares.<\/span><\/p>\n<p style=\"text-align: center;\"><img loading=\"lazy\" decoding=\"async\" class=\"alignnone wp-image-7256\" src=\"https:\/\/www.inan.gov.py\/site\/wp-content\/uploads\/2022\/11\/IMG-20221025-WA0072.jpg\" alt=\"\" width=\"500\" height=\"289\" srcset=\"https:\/\/www.inan.gov.py\/site\/wp-content\/uploads\/2022\/11\/IMG-20221025-WA0072.jpg 700w, https:\/\/www.inan.gov.py\/site\/wp-content\/uploads\/2022\/11\/IMG-20221025-WA0072-300x174.jpg 300w\" sizes=\"auto, (max-width: 500px) 100vw, 500px\" \/><\/p>\n<p><span style=\"font-weight: 400;\">Se llevaron a cabo 2 capacitaciones con un total 35 participantes provenientes de las Regiones Sanitarias de Presidente Hayes, Boquer\u00f3n y Alto Paraguay.<\/span><\/p>\n","protected":false},"excerpt":{"rendered":"<p>\u201cEquipo t\u00e9cnico del INAN realiza Taller de Capacitaci\u00f3n en Lactancia Materna y Alimentaci\u00f3n del Ni\u00f1o Peque\u00f1o para agentes comunitarios del Chaco Paraguayo\u201d\u00a0 En el marco del Proyecto de Cooperaci\u00f3n de UNICEF \u201cConstruyendo Resiliencia en respuesta a la COVID \u2013 19 \u201c se llev\u00f3 a cabo el Taller de Lactancia Materna y Alimentaci\u00f3n del Ni\u00f1o Peque\u00f1o &hellip; <\/p>\n<p><a class=\"more-link btn\" href=\"https:\/\/www.inan.gov.py\/site\/?p=7251\">Seguir leyendo<\/a><\/p>\n","protected":false},"author":2,"featured_media":0,"comment_status":"closed","ping_status":"closed","sticky":false,"template":"","format":"standard","meta":{"footnotes":""},"categories":[4],"tags":[],"class_list":["post-7251","post","type-post","status-publish","format-standard","hentry","category-novedades","nodate","item-wrap"],"_links":{"self":[{"href":"https:\/\/www.inan.gov.py\/site\/index.php?rest_route=\/wp\/v2\/posts\/7251","targetHints":{"allow":["GET"]}}],"collection":[{"href":"https:\/\/www.inan.gov.py\/site\/index.php?rest_route=\/wp\/v2\/posts"}],"about":[{"href":"https:\/\/www.inan.gov.py\/site\/index.php?rest_route=\/wp\/v2\/types\/post"}],"author":[{"embeddable":true,"href":"https:\/\/www.inan.gov.py\/site\/index.php?rest_route=\/wp\/v2\/users\/2"}],"replies":[{"embeddable":true,"href":"https:\/\/www.inan.gov.py\/site\/index.php?rest_route=%2Fwp%2Fv2%2Fcomments&post=7251"}],"version-history":[{"count":3,"href":"https:\/\/www.inan.gov.py\/site\/index.php?rest_route=\/wp\/v2\/posts\/7251\/revisions"}],"predecessor-version":[{"id":7258,"href":"https:\/\/www.inan.gov.py\/site\/index.php?rest_route=\/wp\/v2\/posts\/7251\/revisions\/7258"}],"wp:attachment":[{"href":"https:\/\/www.inan.gov.py\/site\/index.php?rest_route=%2Fwp%2Fv2%2Fmedia&parent=7251"}],"wp:term":[{"taxonomy":"category","embeddable":true,"href":"https:\/\/www.inan.gov.py\/site\/index.php?rest_route=%2Fwp%2Fv2%2Fcategories&post=7251"},{"taxonomy":"post_tag","embeddable":true,"href":"https:\/\/www.inan.gov.py\/site\/index.php?rest_route=%2Fwp%2Fv2%2Ftags&post=7251"}],"curies":[{"name":"wp","href":"https:\/\/api.w.org\/{rel}","templated":true}]}}