{"id":7565,"date":"2023-01-06T12:12:39","date_gmt":"2023-01-06T12:12:39","guid":{"rendered":"https:\/\/www.inan.gov.py\/site\/?p=7565"},"modified":"2023-03-16T16:12:04","modified_gmt":"2023-03-16T16:12:04","slug":"opciones-de-recetas-saludables","status":"publish","type":"post","link":"https:\/\/www.inan.gov.py\/site\/?p=7565","title":{"rendered":"Opciones de recetas saludables"},"content":{"rendered":"<h3><\/h3>\n<h3><strong>Escabeche de verduras<\/strong><\/h3>\n<p>Una opci\u00f3n interesante para incorporar verduras a las comidas, no solo facilita su conservaci\u00f3n, que en verano se vuelve m\u00e1s dificultosa debido a las altas temperaturas, sino que adem\u00e1s es \u00fatil para condimentar y acompa\u00f1ar a otras comidas, con carnes, en las ensaladas o incluso se puede consumir unt\u00e1ndola en una rebanada de pan.<\/p>\n<p><strong>Te mostramos aqu\u00ed como prepararlo<\/strong><\/p>\n<p><img loading=\"lazy\" decoding=\"async\" class=\"alignnone size-full wp-image-7566\" src=\"https:\/\/www.inan.gov.py\/site\/wp-content\/uploads\/2023\/01\/Escabeche.jpg\" alt=\"\" width=\"754\" height=\"579\" srcset=\"https:\/\/www.inan.gov.py\/site\/wp-content\/uploads\/2023\/01\/Escabeche.jpg 754w, https:\/\/www.inan.gov.py\/site\/wp-content\/uploads\/2023\/01\/Escabeche-300x230.jpg 300w\" sizes=\"auto, (max-width: 754px) 100vw, 754px\" \/><\/p>\n<p>&nbsp;<\/p>\n<p><img loading=\"lazy\" decoding=\"async\" class=\"alignnone wp-image-7568\" src=\"https:\/\/www.inan.gov.py\/site\/wp-content\/uploads\/2023\/01\/escabeche2.jpg\" alt=\"\" width=\"751\" height=\"559\" srcset=\"https:\/\/www.inan.gov.py\/site\/wp-content\/uploads\/2023\/01\/escabeche2.jpg 732w, https:\/\/www.inan.gov.py\/site\/wp-content\/uploads\/2023\/01\/escabeche2-300x223.jpg 300w\" sizes=\"auto, (max-width: 751px) 100vw, 751px\" \/><\/p>\n<p>&nbsp;<\/p>\n","protected":false},"excerpt":{"rendered":"<p>Escabeche de verduras Una opci\u00f3n interesante para incorporar verduras a las comidas, no solo facilita su conservaci\u00f3n, que en verano se vuelve m\u00e1s dificultosa debido a las altas temperaturas, sino que adem\u00e1s es \u00fatil para condimentar y acompa\u00f1ar a otras comidas, con carnes, en las ensaladas o incluso se puede consumir unt\u00e1ndola en una rebanada &hellip; <\/p>\n<p><a class=\"more-link btn\" href=\"https:\/\/www.inan.gov.py\/site\/?p=7565\">Seguir leyendo<\/a><\/p>\n","protected":false},"author":2,"featured_media":0,"comment_status":"closed","ping_status":"closed","sticky":false,"template":"","format":"standard","meta":{"footnotes":""},"categories":[4],"tags":[],"class_list":["post-7565","post","type-post","status-publish","format-standard","hentry","category-novedades","nodate","item-wrap"],"_links":{"self":[{"href":"https:\/\/www.inan.gov.py\/site\/index.php?rest_route=\/wp\/v2\/posts\/7565","targetHints":{"allow":["GET"]}}],"collection":[{"href":"https:\/\/www.inan.gov.py\/site\/index.php?rest_route=\/wp\/v2\/posts"}],"about":[{"href":"https:\/\/www.inan.gov.py\/site\/index.php?rest_route=\/wp\/v2\/types\/post"}],"author":[{"embeddable":true,"href":"https:\/\/www.inan.gov.py\/site\/index.php?rest_route=\/wp\/v2\/users\/2"}],"replies":[{"embeddable":true,"href":"https:\/\/www.inan.gov.py\/site\/index.php?rest_route=%2Fwp%2Fv2%2Fcomments&post=7565"}],"version-history":[{"count":10,"href":"https:\/\/www.inan.gov.py\/site\/index.php?rest_route=\/wp\/v2\/posts\/7565\/revisions"}],"predecessor-version":[{"id":7578,"href":"https:\/\/www.inan.gov.py\/site\/index.php?rest_route=\/wp\/v2\/posts\/7565\/revisions\/7578"}],"wp:attachment":[{"href":"https:\/\/www.inan.gov.py\/site\/index.php?rest_route=%2Fwp%2Fv2%2Fmedia&parent=7565"}],"wp:term":[{"taxonomy":"category","embeddable":true,"href":"https:\/\/www.inan.gov.py\/site\/index.php?rest_route=%2Fwp%2Fv2%2Fcategories&post=7565"},{"taxonomy":"post_tag","embeddable":true,"href":"https:\/\/www.inan.gov.py\/site\/index.php?rest_route=%2Fwp%2Fv2%2Ftags&post=7565"}],"curies":[{"name":"wp","href":"https:\/\/api.w.org\/{rel}","templated":true}]}}