{"id":772,"date":"2017-07-13T18:15:51","date_gmt":"2017-07-13T18:15:51","guid":{"rendered":"http:\/\/www.inan.gov.py\/site\/?p=772"},"modified":"2017-07-13T18:15:51","modified_gmt":"2017-07-13T18:15:51","slug":"exitosa-jornada-de-promocion-de-alimentacion-saludable-y-evaluacion-nutricional-desarrollada-en-el-stan-del-mspybs-por-nutricionistas-del-inan","status":"publish","type":"post","link":"https:\/\/www.inan.gov.py\/site\/?p=772","title":{"rendered":"Exitosa Jornada de Promoci\u00f3n de Alimentaci\u00f3n saludable y Evaluaci\u00f3n Nutricional desarrollada en el Stan del MSPyBS por nutricionistas del INAN."},"content":{"rendered":"<p style=\"text-align: center;\"><img loading=\"lazy\" decoding=\"async\" class=\"alignnone size-full wp-image-775\" src=\"http:\/\/www.inan.gov.py\/site\/wp-content\/uploads\/2017\/07\/EXPO1.jpg\" alt=\"EXPO1\" width=\"350\" height=\"233\" srcset=\"https:\/\/www.inan.gov.py\/site\/wp-content\/uploads\/2017\/07\/EXPO1.jpg 350w, https:\/\/www.inan.gov.py\/site\/wp-content\/uploads\/2017\/07\/EXPO1-300x200.jpg 300w\" sizes=\"auto, (max-width: 350px) 100vw, 350px\" \/><\/p>\n<p>El<strong> Instituto Nacional de Alimentaci\u00f3n y Nutrici\u00f3n (INAN)<\/strong> estuvo presente en la <strong>Expo Feria de M.R. Alonso 2017<\/strong> el d\u00eda de ayer<strong> mi\u00e9rcoles 12 de Julio desde las 10:00 hs, <\/strong>en el stand del MSPBS, realizando evaluaciones nutricionales por antropometr\u00eda, permitiendo a los visitantes conocer su estado nutricional. Adem\u00e1s, se educ\u00f3 acerca de los beneficios de una alimentaci\u00f3n saludable mediante actividades l\u00fadicas.<\/p>\n<p style=\"text-align: center;\"><img loading=\"lazy\" decoding=\"async\" class=\"alignnone size-full wp-image-776\" src=\"http:\/\/www.inan.gov.py\/site\/wp-content\/uploads\/2017\/07\/EXPO3.jpg\" alt=\"EXPO3\" width=\"350\" height=\"233\" srcset=\"https:\/\/www.inan.gov.py\/site\/wp-content\/uploads\/2017\/07\/EXPO3.jpg 350w, https:\/\/www.inan.gov.py\/site\/wp-content\/uploads\/2017\/07\/EXPO3-300x200.jpg 300w\" sizes=\"auto, (max-width: 350px) 100vw, 350px\" \/><\/p>\n<p>El objetivo de esta actividad fue compartir un momento agradable con estudiantes, docentes y el p\u00fablico en general. Los asistentes pudieron aprender acerca de una alimentaci\u00f3n saludable, los alimentos recomendados seg\u00fan los grupos de edades, y saldar dudas relacionadas con estos temas.<\/p>\n<p style=\"text-align: center;\"><img loading=\"lazy\" decoding=\"async\" class=\"alignnone size-full wp-image-777\" src=\"http:\/\/www.inan.gov.py\/site\/wp-content\/uploads\/2017\/07\/EXPO2.jpg\" alt=\"EXPO2\" width=\"350\" height=\"233\" srcset=\"https:\/\/www.inan.gov.py\/site\/wp-content\/uploads\/2017\/07\/EXPO2.jpg 350w, https:\/\/www.inan.gov.py\/site\/wp-content\/uploads\/2017\/07\/EXPO2-300x200.jpg 300w\" sizes=\"auto, (max-width: 350px) 100vw, 350px\" \/><\/p>\n<p>Para el inicio de la jornada se cont\u00f3 con la participaci\u00f3n de la <strong>Dra. Laura Mendoza de Arbo<\/strong>, Directora General del INAN quien brind\u00f3 unas palabras a los presentes. Estuvieron tambi\u00e9n presentes otras autoridades del INAN, como la <strong>Lic. Patricia Echeverr\u00eda<\/strong> (<strong>Directora de Registros y Habilitaciones Alimentarias<\/strong> ) y la <strong>Lic. Gladys Acosta de Florent\u00edn<\/strong> (<strong>Directora de Inocuidad y Control de Alimentos<\/strong>). En el stand los participantes tambi\u00e9n pudieron degustar frutas de estaci\u00f3n de manera gratuita.<\/p>\n<p style=\"text-align: center;\"><img loading=\"lazy\" decoding=\"async\" class=\"alignnone size-full wp-image-778\" src=\"http:\/\/www.inan.gov.py\/site\/wp-content\/uploads\/2017\/07\/EXPO4.jpg\" alt=\"EXPO4\" width=\"233\" height=\"350\" srcset=\"https:\/\/www.inan.gov.py\/site\/wp-content\/uploads\/2017\/07\/EXPO4.jpg 233w, https:\/\/www.inan.gov.py\/site\/wp-content\/uploads\/2017\/07\/EXPO4-200x300.jpg 200w\" sizes=\"auto, (max-width: 233px) 100vw, 233px\" \/><\/p>\n<p>Para m\u00e1s informaci\u00f3n contactar al 0982 822305 con la Lic. Nancy Schapt.<\/p>\n","protected":false},"excerpt":{"rendered":"<p>El Instituto Nacional de Alimentaci\u00f3n y Nutrici\u00f3n (INAN) estuvo presente en la Expo Feria de M.R. Alonso 2017 el d\u00eda de ayer mi\u00e9rcoles 12 de Julio desde las 10:00 hs, en el stand del MSPBS, realizando evaluaciones nutricionales por antropometr\u00eda, permitiendo a los visitantes conocer su estado nutricional. Adem\u00e1s, se educ\u00f3 acerca de los beneficios &hellip; <\/p>\n<p><a class=\"more-link btn\" href=\"https:\/\/www.inan.gov.py\/site\/?p=772\">Seguir leyendo<\/a><\/p>\n","protected":false},"author":2,"featured_media":0,"comment_status":"closed","ping_status":"closed","sticky":false,"template":"","format":"standard","meta":{"footnotes":""},"categories":[4],"tags":[],"class_list":["post-772","post","type-post","status-publish","format-standard","hentry","category-novedades","nodate","item-wrap"],"_links":{"self":[{"href":"https:\/\/www.inan.gov.py\/site\/index.php?rest_route=\/wp\/v2\/posts\/772","targetHints":{"allow":["GET"]}}],"collection":[{"href":"https:\/\/www.inan.gov.py\/site\/index.php?rest_route=\/wp\/v2\/posts"}],"about":[{"href":"https:\/\/www.inan.gov.py\/site\/index.php?rest_route=\/wp\/v2\/types\/post"}],"author":[{"embeddable":true,"href":"https:\/\/www.inan.gov.py\/site\/index.php?rest_route=\/wp\/v2\/users\/2"}],"replies":[{"embeddable":true,"href":"https:\/\/www.inan.gov.py\/site\/index.php?rest_route=%2Fwp%2Fv2%2Fcomments&post=772"}],"version-history":[{"count":2,"href":"https:\/\/www.inan.gov.py\/site\/index.php?rest_route=\/wp\/v2\/posts\/772\/revisions"}],"predecessor-version":[{"id":779,"href":"https:\/\/www.inan.gov.py\/site\/index.php?rest_route=\/wp\/v2\/posts\/772\/revisions\/779"}],"wp:attachment":[{"href":"https:\/\/www.inan.gov.py\/site\/index.php?rest_route=%2Fwp%2Fv2%2Fmedia&parent=772"}],"wp:term":[{"taxonomy":"category","embeddable":true,"href":"https:\/\/www.inan.gov.py\/site\/index.php?rest_route=%2Fwp%2Fv2%2Fcategories&post=772"},{"taxonomy":"post_tag","embeddable":true,"href":"https:\/\/www.inan.gov.py\/site\/index.php?rest_route=%2Fwp%2Fv2%2Ftags&post=772"}],"curies":[{"name":"wp","href":"https:\/\/api.w.org\/{rel}","templated":true}]}}