{"id":792,"date":"2017-07-21T15:52:30","date_gmt":"2017-07-21T15:52:30","guid":{"rendered":"http:\/\/www.inan.gov.py\/site\/?p=792"},"modified":"2017-08-07T12:11:55","modified_gmt":"2017-08-07T12:11:55","slug":"lista-de-seleccionados-capacitacion-26-de-julio-2017-evaluacion-nutricional-por-antropometria","status":"publish","type":"post","link":"https:\/\/www.inan.gov.py\/site\/?p=792","title":{"rendered":"Lista de seleccionados. Capacitaci\u00f3n  26 de Julio 2017 \u201cEvaluaci\u00f3n Nutricional por Antropometr\u00eda\u201d"},"content":{"rendered":"<p>La capacitaci\u00f3n abierta en <strong>\u201c<em>Evaluaci\u00f3n Nutricional por antropometr\u00eda de ni\u00f1os y ni\u00f1as menores de 5 a\u00f1os, escolares y adolescentes, embarazadas y ni\u00f1os y adolescentes con discapacidad\u201d<\/em> <\/strong>se realizar\u00e1 el d\u00eda <strong>26 de julio de 08:00 a 13 horas<\/strong> en el Sal\u00f3n Auditorio del Instituto Nacional de Alimentaci\u00f3n y Nutrici\u00f3n \u2013 INAN (Sant\u00edsima Trinidad casi Itapu\u00e1).<\/p>\n<p>Se solicita a las personas seleccionadas informar inasistencia hasta el <strong>21 de julio<\/strong> al correo <a href=\"mailto:monitoreo.inan@gmail.com\">monitoreo.inan@gmail.com<\/a>, a fin de ceder lugar a otra persona. Las personas que no avisen su ausencia no ser\u00e1n consideradas para pr\u00f3ximas capacitaciones.<\/p>\n<table>\n<tbody>\n<tr>\n<td width=\"37\"><strong>\u00a0<\/strong><\/td>\n<td width=\"260\"><strong>Nombre<\/strong><\/td>\n<td width=\"165\"><strong>C\u00e9dula de identidad<\/strong><\/td>\n<\/tr>\n<tr>\n<td width=\"37\">1<\/td>\n<td width=\"260\">F\u00e1tima Bel\u00e9n Gonz\u00e1lez Qui\u00f1onez<\/td>\n<td width=\"165\">5.006.728<\/td>\n<\/tr>\n<tr>\n<td width=\"37\">2<\/td>\n<td width=\"260\">Daisy Fabiola Caba\u00f1a Mora<\/td>\n<td width=\"165\">3.383.052<\/td>\n<\/tr>\n<tr>\n<td width=\"37\">3<\/td>\n<td width=\"260\">Rosal\u00eda Rojas<\/td>\n<td width=\"165\">4.381.349<\/td>\n<\/tr>\n<tr>\n<td width=\"37\">4<\/td>\n<td width=\"260\">Alba Dahyana Ledesma Portillo<\/td>\n<td width=\"165\">5.500.087<\/td>\n<\/tr>\n<tr>\n<td width=\"37\">5<\/td>\n<td width=\"260\">Analia Esther Escurra L\u00f3pez<\/td>\n<td width=\"165\">3.783.706<\/td>\n<\/tr>\n<tr>\n<td width=\"37\">6<\/td>\n<td width=\"260\">Claudia Beatriz Ver\u00f3n Samaniego<\/td>\n<td width=\"165\">4.539.923<\/td>\n<\/tr>\n<tr>\n<td width=\"37\">7<\/td>\n<td width=\"260\">Noelia Asunci\u00f3n Ortiz<\/td>\n<td width=\"165\"><strong>3.016.998<\/strong><\/td>\n<\/tr>\n<tr>\n<td width=\"37\">8<\/td>\n<td width=\"260\">Cynthia Carolina Benitez Torales<\/td>\n<td width=\"165\">3.916.797<\/td>\n<\/tr>\n<tr>\n<td width=\"37\">9<\/td>\n<td width=\"260\">Graciela Perez Ayala<\/td>\n<td width=\"165\">4.153.109<\/td>\n<\/tr>\n<tr>\n<td width=\"37\">10<\/td>\n<td width=\"260\">Isaura Pamela Gamarra Salinas<\/td>\n<td width=\"165\">3.796.762<\/td>\n<\/tr>\n<tr>\n<td width=\"37\">11<\/td>\n<td width=\"260\">Luz Marina Cantero<\/td>\n<td width=\"165\">3.576.911<\/td>\n<\/tr>\n<tr>\n<td width=\"37\">12<\/td>\n<td width=\"260\">Luz Marina L\u00f3pez Cardozo<\/td>\n<td width=\"165\">2.496.427<\/td>\n<\/tr>\n<tr>\n<td width=\"37\">13<\/td>\n<td width=\"260\">Maccarena Noemi Barreto Martinez<\/td>\n<td width=\"165\">5.222.707<\/td>\n<\/tr>\n<tr>\n<td width=\"37\">14<\/td>\n<td width=\"260\">Maria Gaona<\/td>\n<td width=\"165\">3.241.548<\/td>\n<\/tr>\n<tr>\n<td width=\"37\">15<\/td>\n<td width=\"260\">Maria Monserrat Cristaldo<\/td>\n<td width=\"165\">4.354.769<\/td>\n<\/tr>\n<tr>\n<td width=\"37\">16<\/td>\n<td width=\"260\">Nilda Melissa Jim\u00e9nez Bord\u00f3n<\/td>\n<td width=\"165\">4.791.174<\/td>\n<\/tr>\n<tr>\n<td width=\"37\">17<\/td>\n<td width=\"260\">Nora Pablina Franco Mieres<\/td>\n<td width=\"165\">4.366.220<\/td>\n<\/tr>\n<tr>\n<td width=\"37\">18<\/td>\n<td width=\"260\">Silvia Sissi Ben\u00edtez Ben\u00edtez<\/td>\n<td width=\"165\">4.991.042<\/td>\n<\/tr>\n<tr>\n<td width=\"37\">19<\/td>\n<td width=\"260\">Somnia Esperanza Areco Qui\u00f1onez<\/td>\n<td width=\"165\">1.674.644<\/td>\n<\/tr>\n<tr>\n<td width=\"37\">20<\/td>\n<td width=\"260\">Susana Ver\u00f3nica Bogar\u00edn Gamba<\/td>\n<td width=\"165\">3.632.915<\/td>\n<\/tr>\n<tr>\n<td width=\"37\">21<\/td>\n<td width=\"260\">Viviana Cristina Melgarejo Aquino<\/td>\n<td width=\"165\">4.559.074<\/td>\n<\/tr>\n<tr>\n<td width=\"37\">22<\/td>\n<td width=\"260\">Alicia Avalos Aguilera<\/td>\n<td width=\"165\">3.526.062<\/td>\n<\/tr>\n<tr>\n<td width=\"37\">23<\/td>\n<td width=\"260\">Andrea Bettina Ram\u00edrez Madelaire<\/td>\n<td width=\"165\">3.787.431<\/td>\n<\/tr>\n<tr>\n<td width=\"37\">24<\/td>\n<td width=\"260\">Gilda Mar\u00eda Sosa de Mart\u00ednez<\/td>\n<td width=\"165\">2.132.986<\/td>\n<\/tr>\n<tr>\n<td width=\"37\">25<\/td>\n<td width=\"260\">Juan Alberto Coronel Qui\u00f1onez<\/td>\n<td width=\"165\">4.940.952<\/td>\n<\/tr>\n<tr>\n<td width=\"37\">26<\/td>\n<td width=\"260\">Leticia Andrea Acosta Sosa<\/td>\n<td width=\"165\">4.415.452<\/td>\n<\/tr>\n<tr>\n<td width=\"37\">27<\/td>\n<td width=\"260\">Marcela Concepci\u00f3n Benegas Galeano<\/td>\n<td width=\"165\">4.351.214<\/td>\n<\/tr>\n<tr>\n<td width=\"37\">28<\/td>\n<td width=\"260\">Mar\u00eda Laura Gim\u00e9nez Echeverr\u00eda<\/td>\n<td width=\"165\">4.199.374<\/td>\n<\/tr>\n<tr>\n<td width=\"37\">29<\/td>\n<td width=\"260\">Ma. Teresa Jara Galeano<\/td>\n<td width=\"165\">2.096.030<\/td>\n<\/tr>\n<tr>\n<td width=\"37\">30<\/td>\n<td width=\"260\">Silvia Andrea Rodr\u00edguez Mendoza<\/td>\n<td width=\"165\">3.738.355<\/td>\n<\/tr>\n<\/tbody>\n<\/table>\n<p>Los cupos son limitados y no son por orden de llegada sino por perfil del postulante. Cabe mencionar que la jornada <strong><em>no tendr\u00e1 costo<\/em><\/strong>, pero se solicita a los participantes que traigan una fruta para compartir como refrigerio.<\/p>\n<p>Para m\u00e1s informes contactar al 282 790 interno 628.<\/p>\n","protected":false},"excerpt":{"rendered":"<p>La capacitaci\u00f3n abierta en \u201cEvaluaci\u00f3n Nutricional por antropometr\u00eda de ni\u00f1os y ni\u00f1as menores de 5 a\u00f1os, escolares y adolescentes, embarazadas y ni\u00f1os y adolescentes con discapacidad\u201d se realizar\u00e1 el d\u00eda 26 de julio de 08:00 a 13 horas en el Sal\u00f3n Auditorio del Instituto Nacional de Alimentaci\u00f3n y Nutrici\u00f3n \u2013 INAN (Sant\u00edsima Trinidad casi Itapu\u00e1). &hellip; <\/p>\n<p><a class=\"more-link btn\" href=\"https:\/\/www.inan.gov.py\/site\/?p=792\">Seguir leyendo<\/a><\/p>\n","protected":false},"author":2,"featured_media":0,"comment_status":"closed","ping_status":"closed","sticky":false,"template":"","format":"standard","meta":{"footnotes":""},"categories":[4],"tags":[],"class_list":["post-792","post","type-post","status-publish","format-standard","hentry","category-novedades","nodate","item-wrap"],"_links":{"self":[{"href":"https:\/\/www.inan.gov.py\/site\/index.php?rest_route=\/wp\/v2\/posts\/792","targetHints":{"allow":["GET"]}}],"collection":[{"href":"https:\/\/www.inan.gov.py\/site\/index.php?rest_route=\/wp\/v2\/posts"}],"about":[{"href":"https:\/\/www.inan.gov.py\/site\/index.php?rest_route=\/wp\/v2\/types\/post"}],"author":[{"embeddable":true,"href":"https:\/\/www.inan.gov.py\/site\/index.php?rest_route=\/wp\/v2\/users\/2"}],"replies":[{"embeddable":true,"href":"https:\/\/www.inan.gov.py\/site\/index.php?rest_route=%2Fwp%2Fv2%2Fcomments&post=792"}],"version-history":[{"count":1,"href":"https:\/\/www.inan.gov.py\/site\/index.php?rest_route=\/wp\/v2\/posts\/792\/revisions"}],"predecessor-version":[{"id":793,"href":"https:\/\/www.inan.gov.py\/site\/index.php?rest_route=\/wp\/v2\/posts\/792\/revisions\/793"}],"wp:attachment":[{"href":"https:\/\/www.inan.gov.py\/site\/index.php?rest_route=%2Fwp%2Fv2%2Fmedia&parent=792"}],"wp:term":[{"taxonomy":"category","embeddable":true,"href":"https:\/\/www.inan.gov.py\/site\/index.php?rest_route=%2Fwp%2Fv2%2Fcategories&post=792"},{"taxonomy":"post_tag","embeddable":true,"href":"https:\/\/www.inan.gov.py\/site\/index.php?rest_route=%2Fwp%2Fv2%2Ftags&post=792"}],"curies":[{"name":"wp","href":"https:\/\/api.w.org\/{rel}","templated":true}]}}