{"id":8800,"date":"2023-08-30T15:52:18","date_gmt":"2023-08-30T15:52:18","guid":{"rendered":"https:\/\/www.inan.gov.py\/site\/?p=8800"},"modified":"2024-02-29T11:26:03","modified_gmt":"2024-02-29T11:26:03","slug":"asume-nueva-directora-del-instituto-nacional-de-alimentacion-y-nutricion-lic-patricia-echeverria","status":"publish","type":"post","link":"https:\/\/www.inan.gov.py\/site\/?p=8800","title":{"rendered":"Asume nueva Directora del Instituto Nacional de Alimentaci\u00f3n y Nutrici\u00f3n, Lic Patricia Echeverria."},"content":{"rendered":"<p style=\"text-align: center;\"><b><span style=\"color: #000000;\">Asume nueva Directora del Instituto Nacional de Alimentaci\u00f3n y Nutrici\u00f3n, Lic Patricia Echeverria.<\/span><\/b><\/p>\n<p style=\"text-align: center;\"><img loading=\"lazy\" decoding=\"async\" class=\"alignnone wp-image-8802\" src=\"https:\/\/www.inan.gov.py\/site\/wp-content\/uploads\/2023\/08\/IMG_8091-1024x683.jpg\" alt=\"\" width=\"500\" height=\"333\" srcset=\"https:\/\/www.inan.gov.py\/site\/wp-content\/uploads\/2023\/08\/IMG_8091-1024x683.jpg 1024w, https:\/\/www.inan.gov.py\/site\/wp-content\/uploads\/2023\/08\/IMG_8091-300x200.jpg 300w, https:\/\/www.inan.gov.py\/site\/wp-content\/uploads\/2023\/08\/IMG_8091-768x512.jpg 768w\" sizes=\"auto, (max-width: 500px) 100vw, 500px\" \/><\/p>\n<p>El <strong>Viceministro de Rector\u00eda y Vigilancia de la Salud, Dr. Jos\u00e9 Ortellado<\/strong> puso esta ma\u00f1ana en posesi\u00f3n de cargo a la nueva directora del INAN, <strong>Lic. Patricia Echeverria<\/strong>, en reemplazo de la <strong>Lic, Elsi Ovelar Fern\u00e1ndez<\/strong>. El acto protocolar se desarroll\u00f3 en el sal\u00f3n auditorio del<strong> Instituto Nacional de Alimentaci\u00f3n y Nutrici\u00f3n-INAN<\/strong>, en presencia de todos los funcionarios de la instituci\u00f3n.<!--more--><\/p>\n<p><img loading=\"lazy\" decoding=\"async\" class=\"aligncenter wp-image-8803\" src=\"https:\/\/www.inan.gov.py\/site\/wp-content\/uploads\/2023\/08\/IMG_8096-1024x683.jpg\" alt=\"\" width=\"400\" height=\"267\" srcset=\"https:\/\/www.inan.gov.py\/site\/wp-content\/uploads\/2023\/08\/IMG_8096-1024x683.jpg 1024w, https:\/\/www.inan.gov.py\/site\/wp-content\/uploads\/2023\/08\/IMG_8096-300x200.jpg 300w, https:\/\/www.inan.gov.py\/site\/wp-content\/uploads\/2023\/08\/IMG_8096-768x512.jpg 768w\" sizes=\"auto, (max-width: 400px) 100vw, 400px\" \/><img loading=\"lazy\" decoding=\"async\" class=\"aligncenter wp-image-8804\" src=\"https:\/\/www.inan.gov.py\/site\/wp-content\/uploads\/2023\/08\/IMG_8149-1024x683.jpg\" alt=\"\" width=\"400\" height=\"267\" srcset=\"https:\/\/www.inan.gov.py\/site\/wp-content\/uploads\/2023\/08\/IMG_8149-1024x683.jpg 1024w, https:\/\/www.inan.gov.py\/site\/wp-content\/uploads\/2023\/08\/IMG_8149-300x200.jpg 300w, https:\/\/www.inan.gov.py\/site\/wp-content\/uploads\/2023\/08\/IMG_8149-768x512.jpg 768w\" sizes=\"auto, (max-width: 400px) 100vw, 400px\" \/><\/p>\n<p>En la ocasi\u00f3n, el <strong>Dr. Jos\u00e9 Ortellado<\/strong> dese\u00f3 \u00e9xitos en sus nuevas funciones a la directora , destacando la importancia del INAN y las expectativas puestas en los resultados positivos para la instituci\u00f3n, se\u00f1al\u00f3 igualmente la relevancia de mantener un buen clima organizacional, ya que impacta en la salud y buen desempe\u00f1o de las actividades laborales, reconoci\u00f3 el trabajo ya realizado y felicit\u00f3 al equipo.<\/p>\n<p><img loading=\"lazy\" decoding=\"async\" class=\"wp-image-8805 aligncenter\" src=\"https:\/\/www.inan.gov.py\/site\/wp-content\/uploads\/2023\/08\/WhatsApp-Image-2023-08-30-at-08.34.45-1-1024x521.jpeg\" alt=\"\" width=\"650\" height=\"331\" srcset=\"https:\/\/www.inan.gov.py\/site\/wp-content\/uploads\/2023\/08\/WhatsApp-Image-2023-08-30-at-08.34.45-1-1024x521.jpeg 1024w, https:\/\/www.inan.gov.py\/site\/wp-content\/uploads\/2023\/08\/WhatsApp-Image-2023-08-30-at-08.34.45-1-300x153.jpeg 300w, https:\/\/www.inan.gov.py\/site\/wp-content\/uploads\/2023\/08\/WhatsApp-Image-2023-08-30-at-08.34.45-1-768x391.jpeg 768w, https:\/\/www.inan.gov.py\/site\/wp-content\/uploads\/2023\/08\/WhatsApp-Image-2023-08-30-at-08.34.45-1.jpeg 1600w\" sizes=\"auto, (max-width: 650px) 100vw, 650px\" \/><\/p>\n<p>Por su parte, la Directora <strong>Lic. Patricia Echeverr\u00eda<\/strong> agradeci\u00f3 la confianza puesta en su persona para llevar adelante la gesti\u00f3n de tan importante Instituci\u00f3n, comprometi\u00e9ndose con las l\u00edneas de trabajo del Gobierno, al mismo tiempo solicit\u00f3 el apoyo y acompa\u00f1amiento de los funcionarios a fin de concretar los objetivos y metas trazadas, resaltando la institucionalidad y el trabajo en equipo; de manera a dar visibilidad al INAN.<\/p>\n","protected":false},"excerpt":{"rendered":"<p>Asume nueva Directora del Instituto Nacional de Alimentaci\u00f3n y Nutrici\u00f3n, Lic Patricia Echeverria. El Viceministro de Rector\u00eda y Vigilancia de la Salud, Dr. Jos\u00e9 Ortellado puso esta ma\u00f1ana en posesi\u00f3n de cargo a la nueva directora del INAN, Lic. Patricia Echeverria, en reemplazo de la Lic, Elsi Ovelar Fern\u00e1ndez. El acto protocolar se desarroll\u00f3 en &hellip; <\/p>\n<p><a class=\"more-link btn\" href=\"https:\/\/www.inan.gov.py\/site\/?p=8800\">Seguir leyendo<\/a><\/p>\n","protected":false},"author":2,"featured_media":0,"comment_status":"closed","ping_status":"closed","sticky":false,"template":"","format":"standard","meta":{"footnotes":""},"categories":[4],"tags":[],"class_list":["post-8800","post","type-post","status-publish","format-standard","hentry","category-novedades","nodate","item-wrap"],"_links":{"self":[{"href":"https:\/\/www.inan.gov.py\/site\/index.php?rest_route=\/wp\/v2\/posts\/8800","targetHints":{"allow":["GET"]}}],"collection":[{"href":"https:\/\/www.inan.gov.py\/site\/index.php?rest_route=\/wp\/v2\/posts"}],"about":[{"href":"https:\/\/www.inan.gov.py\/site\/index.php?rest_route=\/wp\/v2\/types\/post"}],"author":[{"embeddable":true,"href":"https:\/\/www.inan.gov.py\/site\/index.php?rest_route=\/wp\/v2\/users\/2"}],"replies":[{"embeddable":true,"href":"https:\/\/www.inan.gov.py\/site\/index.php?rest_route=%2Fwp%2Fv2%2Fcomments&post=8800"}],"version-history":[{"count":2,"href":"https:\/\/www.inan.gov.py\/site\/index.php?rest_route=\/wp\/v2\/posts\/8800\/revisions"}],"predecessor-version":[{"id":8806,"href":"https:\/\/www.inan.gov.py\/site\/index.php?rest_route=\/wp\/v2\/posts\/8800\/revisions\/8806"}],"wp:attachment":[{"href":"https:\/\/www.inan.gov.py\/site\/index.php?rest_route=%2Fwp%2Fv2%2Fmedia&parent=8800"}],"wp:term":[{"taxonomy":"category","embeddable":true,"href":"https:\/\/www.inan.gov.py\/site\/index.php?rest_route=%2Fwp%2Fv2%2Fcategories&post=8800"},{"taxonomy":"post_tag","embeddable":true,"href":"https:\/\/www.inan.gov.py\/site\/index.php?rest_route=%2Fwp%2Fv2%2Ftags&post=8800"}],"curies":[{"name":"wp","href":"https:\/\/api.w.org\/{rel}","templated":true}]}}