{"id":8847,"date":"2023-09-06T19:01:19","date_gmt":"2023-09-06T19:01:19","guid":{"rendered":"https:\/\/www.inan.gov.py\/site\/?p=8847"},"modified":"2024-02-29T11:26:46","modified_gmt":"2024-02-29T11:26:46","slug":"inicio-de-gestiones-estrategicas-para-agilizar-los-procesos-del-inan","status":"publish","type":"post","link":"https:\/\/www.inan.gov.py\/site\/?p=8847","title":{"rendered":"Inicio de gestiones estrat\u00e9gicas para agilizar los procesos del INAN"},"content":{"rendered":"<p style=\"text-align: center;\"><b>La\u00a0<\/b><b>D<\/b><b>irectora\u00a0<\/b><b>G<\/b><b>eneral inicia gestiones estrat\u00e9gicas para agilizar<\/b><b>\u00a0los procesos del INAN<\/b><\/p>\n<p style=\"text-align: center;\"><img loading=\"lazy\" decoding=\"async\" class=\"size-large wp-image-8849 aligncenter\" src=\"https:\/\/www.inan.gov.py\/site\/wp-content\/uploads\/2023\/09\/bannergestion-1024x539.jpg\" alt=\"\" width=\"750\" height=\"395\" srcset=\"https:\/\/www.inan.gov.py\/site\/wp-content\/uploads\/2023\/09\/bannergestion-1024x539.jpg 1024w, https:\/\/www.inan.gov.py\/site\/wp-content\/uploads\/2023\/09\/bannergestion-300x158.jpg 300w, https:\/\/www.inan.gov.py\/site\/wp-content\/uploads\/2023\/09\/bannergestion-768x404.jpg 768w, https:\/\/www.inan.gov.py\/site\/wp-content\/uploads\/2023\/09\/bannergestion.jpg 1267w\" sizes=\"auto, (max-width: 750px) 100vw, 750px\" \/><\/p>\n<p>La <strong>Lic. Patricia Echeverr\u00eda<\/strong>, <strong>Directora General del Instituto Nacional de Alimentaci\u00f3n y Nutrici\u00f3n (INAN)<\/strong>, participa de reuniones, llevadas a cabo en el nivel central del Ministerio de Salud P\u00fablica y Bienestar Social, con la intenci\u00f3n de agilizar los procesos estrat\u00e9gicos de la instituci\u00f3n.<!--more--><\/p>\n<p>En una de las reuniones llevadas a cabo el d\u00eda 05 de septiembre la Directora General , junto con el <strong>Lic. Edgar Echague<\/strong>, <strong>Director Administrativo<\/strong> y la <strong>Lic. Laura Gonz\u00e1lez C\u00e9spedes del Equipo T\u00e9cnico<\/strong>, se reunieron con la\u00a0<span style=\"font-family: Calibri, serif;\"><span lang=\"es-PY\"><strong>Lic. Diana Ocampos<\/strong> y\u00a0<\/span><\/span><span style=\"font-family: Calibri, serif;\"><span lang=\"es-PY\">la\u00a0<\/span><\/span><span style=\"font-family: Calibri, serif;\"><span lang=\"es-PY\">L<strong>ic. Griselda de Pe\u00f3n Volpe<\/strong>\u00a0<\/span><\/span>del\u00a0<span style=\"font-family: Arial, sans-serif;\"><span lang=\"es-PY\"><strong>Vice Ministerio de Rector\u00eda y Vigilancia de la Salud<\/strong>; d<\/span><\/span>urante la reuni\u00f3n, se trataron temas imprescindibles para avanzar con los compromisos institucionales en las primeras etapas de su nueva gesti\u00f3n.<\/p>\n","protected":false},"excerpt":{"rendered":"<p>La\u00a0Directora\u00a0General inicia gestiones estrat\u00e9gicas para agilizar\u00a0los procesos del INAN La Lic. Patricia Echeverr\u00eda, Directora General del Instituto Nacional de Alimentaci\u00f3n y Nutrici\u00f3n (INAN), participa de reuniones, llevadas a cabo en el nivel central del Ministerio de Salud P\u00fablica y Bienestar Social, con la intenci\u00f3n de agilizar los procesos estrat\u00e9gicos de la instituci\u00f3n.<\/p><p><a class=\"more-link btn\" href=\"https:\/\/www.inan.gov.py\/site\/?p=8847\">Seguir leyendo<\/a><\/p>\n","protected":false},"author":2,"featured_media":0,"comment_status":"closed","ping_status":"closed","sticky":false,"template":"","format":"standard","meta":{"footnotes":""},"categories":[4],"tags":[],"class_list":["post-8847","post","type-post","status-publish","format-standard","hentry","category-novedades","nodate","item-wrap"],"_links":{"self":[{"href":"https:\/\/www.inan.gov.py\/site\/index.php?rest_route=\/wp\/v2\/posts\/8847","targetHints":{"allow":["GET"]}}],"collection":[{"href":"https:\/\/www.inan.gov.py\/site\/index.php?rest_route=\/wp\/v2\/posts"}],"about":[{"href":"https:\/\/www.inan.gov.py\/site\/index.php?rest_route=\/wp\/v2\/types\/post"}],"author":[{"embeddable":true,"href":"https:\/\/www.inan.gov.py\/site\/index.php?rest_route=\/wp\/v2\/users\/2"}],"replies":[{"embeddable":true,"href":"https:\/\/www.inan.gov.py\/site\/index.php?rest_route=%2Fwp%2Fv2%2Fcomments&post=8847"}],"version-history":[{"count":4,"href":"https:\/\/www.inan.gov.py\/site\/index.php?rest_route=\/wp\/v2\/posts\/8847\/revisions"}],"predecessor-version":[{"id":8852,"href":"https:\/\/www.inan.gov.py\/site\/index.php?rest_route=\/wp\/v2\/posts\/8847\/revisions\/8852"}],"wp:attachment":[{"href":"https:\/\/www.inan.gov.py\/site\/index.php?rest_route=%2Fwp%2Fv2%2Fmedia&parent=8847"}],"wp:term":[{"taxonomy":"category","embeddable":true,"href":"https:\/\/www.inan.gov.py\/site\/index.php?rest_route=%2Fwp%2Fv2%2Fcategories&post=8847"},{"taxonomy":"post_tag","embeddable":true,"href":"https:\/\/www.inan.gov.py\/site\/index.php?rest_route=%2Fwp%2Fv2%2Ftags&post=8847"}],"curies":[{"name":"wp","href":"https:\/\/api.w.org\/{rel}","templated":true}]}}