{"id":9016,"date":"2023-09-25T12:14:13","date_gmt":"2023-09-25T12:14:13","guid":{"rendered":"https:\/\/www.inan.gov.py\/site\/?p=9016"},"modified":"2023-11-13T15:37:39","modified_gmt":"2023-11-13T15:37:39","slug":"el-inan-participo-en-la-celebracion-de-los-56-anos-de-presencia-en-el-paraguay-de-la-cooperacion-alemana-al-desarrollo-giz","status":"publish","type":"post","link":"https:\/\/www.inan.gov.py\/site\/?p=9016","title":{"rendered":"Celebraci\u00f3n de los 56 a\u00f1os de presencia en el Paraguay de la Cooperaci\u00f3n Alemana al Desarrollo -GIZ"},"content":{"rendered":"<p style=\"text-align: center;\"><strong>Ceremonia \u201c56 A\u00f1os de Huellas Conjuntas\u201d, realizada por la Cooperaci\u00f3n Alemana al Desarrollo (GIZ), que celebra sus 56 a\u00f1os de presencia en el Paraguay.<\/strong><\/p>\n<p><img loading=\"lazy\" decoding=\"async\" class=\"aligncenter wp-image-9017\" src=\"https:\/\/www.inan.gov.py\/site\/wp-content\/uploads\/2023\/09\/56a\u00f1osgiz1.jpg\" alt=\"\" width=\"500\" height=\"298\" srcset=\"https:\/\/www.inan.gov.py\/site\/wp-content\/uploads\/2023\/09\/56a\u00f1osgiz1.jpg 937w, https:\/\/www.inan.gov.py\/site\/wp-content\/uploads\/2023\/09\/56a\u00f1osgiz1-300x179.jpg 300w, https:\/\/www.inan.gov.py\/site\/wp-content\/uploads\/2023\/09\/56a\u00f1osgiz1-768x457.jpg 768w\" sizes=\"auto, (max-width: 500px) 100vw, 500px\" \/><\/p>\n<p>La <strong>Directora del INAN<\/strong>, <strong>Lic Patricia Echeverr\u00eda<\/strong> particip\u00f3 del evento organizado por la <strong>Agencia Alemana de Cooperaci\u00f3n Internacional (GIZ)<\/strong> (siglas en alem\u00e1n) en donde se celebr\u00f3 la culminaci\u00f3n exitosa de proyectos de cooperaci\u00f3n bilateral que han sido implementados conjuntamente con instituciones nacionales.<!--more--><\/p>\n<p>El evento se llev\u00f3 a cabo en el en <strong>Sal\u00f3n de Convenciones del Banco Central<\/strong> y cont\u00f3 con la presencia de varias autoridades nacionales, as\u00ed como representantes del cuerpo diplom\u00e1tico acreditado en nuestro pa\u00eds.<\/p>\n","protected":false},"excerpt":{"rendered":"<p>Ceremonia \u201c56 A\u00f1os de Huellas Conjuntas\u201d, realizada por la Cooperaci\u00f3n Alemana al Desarrollo (GIZ), que celebra sus 56 a\u00f1os de presencia en el Paraguay. La Directora del INAN, Lic Patricia Echeverr\u00eda particip\u00f3 del evento organizado por la Agencia Alemana de Cooperaci\u00f3n Internacional (GIZ) (siglas en alem\u00e1n) en donde se celebr\u00f3 la culminaci\u00f3n exitosa de proyectos &hellip; <\/p>\n<p><a class=\"more-link btn\" href=\"https:\/\/www.inan.gov.py\/site\/?p=9016\">Seguir leyendo<\/a><\/p>\n","protected":false},"author":2,"featured_media":0,"comment_status":"closed","ping_status":"closed","sticky":false,"template":"","format":"standard","meta":{"footnotes":""},"categories":[4],"tags":[],"class_list":["post-9016","post","type-post","status-publish","format-standard","hentry","category-novedades","nodate","item-wrap"],"_links":{"self":[{"href":"https:\/\/www.inan.gov.py\/site\/index.php?rest_route=\/wp\/v2\/posts\/9016","targetHints":{"allow":["GET"]}}],"collection":[{"href":"https:\/\/www.inan.gov.py\/site\/index.php?rest_route=\/wp\/v2\/posts"}],"about":[{"href":"https:\/\/www.inan.gov.py\/site\/index.php?rest_route=\/wp\/v2\/types\/post"}],"author":[{"embeddable":true,"href":"https:\/\/www.inan.gov.py\/site\/index.php?rest_route=\/wp\/v2\/users\/2"}],"replies":[{"embeddable":true,"href":"https:\/\/www.inan.gov.py\/site\/index.php?rest_route=%2Fwp%2Fv2%2Fcomments&post=9016"}],"version-history":[{"count":3,"href":"https:\/\/www.inan.gov.py\/site\/index.php?rest_route=\/wp\/v2\/posts\/9016\/revisions"}],"predecessor-version":[{"id":9021,"href":"https:\/\/www.inan.gov.py\/site\/index.php?rest_route=\/wp\/v2\/posts\/9016\/revisions\/9021"}],"wp:attachment":[{"href":"https:\/\/www.inan.gov.py\/site\/index.php?rest_route=%2Fwp%2Fv2%2Fmedia&parent=9016"}],"wp:term":[{"taxonomy":"category","embeddable":true,"href":"https:\/\/www.inan.gov.py\/site\/index.php?rest_route=%2Fwp%2Fv2%2Fcategories&post=9016"},{"taxonomy":"post_tag","embeddable":true,"href":"https:\/\/www.inan.gov.py\/site\/index.php?rest_route=%2Fwp%2Fv2%2Ftags&post=9016"}],"curies":[{"name":"wp","href":"https:\/\/api.w.org\/{rel}","templated":true}]}}