{"id":9036,"date":"2023-09-27T15:28:10","date_gmt":"2023-09-27T15:28:10","guid":{"rendered":"https:\/\/www.inan.gov.py\/site\/?p=9036"},"modified":"2024-02-29T11:33:10","modified_gmt":"2024-02-29T11:33:10","slug":"acto-por-el-dia-mundial-del-corazon","status":"publish","type":"post","link":"https:\/\/www.inan.gov.py\/site\/?p=9036","title":{"rendered":"Acto por el D\u00eda Mundial del Coraz\u00f3n"},"content":{"rendered":"<p style=\"text-align: center;\"><strong>Conmemoraci\u00f3n del D\u00eda Mundial del Coraz\u00f3n<\/strong><img loading=\"lazy\" decoding=\"async\" class=\"alignnone wp-image-9038\" src=\"https:\/\/www.inan.gov.py\/site\/wp-content\/uploads\/2023\/09\/corazon1.jpg\" alt=\"\" width=\"600\" height=\"298\" srcset=\"https:\/\/www.inan.gov.py\/site\/wp-content\/uploads\/2023\/09\/corazon1.jpg 833w, https:\/\/www.inan.gov.py\/site\/wp-content\/uploads\/2023\/09\/corazon1-300x149.jpg 300w, https:\/\/www.inan.gov.py\/site\/wp-content\/uploads\/2023\/09\/corazon1-768x382.jpg 768w\" sizes=\"auto, (max-width: 600px) 100vw, 600px\" \/><\/p>\n<p>En conmemoraci\u00f3n al <strong>D\u00eda Mundial del Coraz\u00f3n<\/strong>, que se celebra cada 29 de setiembre, el <strong>Ministerio de Salud P\u00fablica y Bienestar <\/strong>Social, a trav\u00e9s del <strong>Programa Nacional de Prevenci\u00f3n Cardiovascular<\/strong> realiz\u00f3 el d\u00eda de hoy mi\u00e9rcoles 27 de septiembre, una celebraci\u00f3n en el jard\u00edn central de la cartera sanitaria, bajo el lema: <strong><em>\u201cConoce tu coraz\u00f3n, cuida tu coraz\u00f3n\u201d.<\/em><\/strong><!--more--><\/p>\n<p style=\"text-align: center;\"><img loading=\"lazy\" decoding=\"async\" class=\"alignnone wp-image-9039\" src=\"https:\/\/www.inan.gov.py\/site\/wp-content\/uploads\/2023\/09\/corazon2.jpg\" alt=\"\" width=\"450\" height=\"224\" srcset=\"https:\/\/www.inan.gov.py\/site\/wp-content\/uploads\/2023\/09\/corazon2.jpg 833w, https:\/\/www.inan.gov.py\/site\/wp-content\/uploads\/2023\/09\/corazon2-300x149.jpg 300w, https:\/\/www.inan.gov.py\/site\/wp-content\/uploads\/2023\/09\/corazon2-768x382.jpg 768w\" sizes=\"auto, (max-width: 450px) 100vw, 450px\" \/><\/p>\n<p>La Directora del INAN, <strong>Lic Patricia Echeverr\u00eda<\/strong> particip\u00f3 del evento, junto a otras altas autoridades sanitarias.<\/p>\n<p style=\"text-align: center;\"><img loading=\"lazy\" decoding=\"async\" class=\"alignnone wp-image-9040\" src=\"https:\/\/www.inan.gov.py\/site\/wp-content\/uploads\/2023\/09\/corazon3.jpg\" alt=\"\" width=\"450\" height=\"224\" srcset=\"https:\/\/www.inan.gov.py\/site\/wp-content\/uploads\/2023\/09\/corazon3.jpg 833w, https:\/\/www.inan.gov.py\/site\/wp-content\/uploads\/2023\/09\/corazon3-300x149.jpg 300w, https:\/\/www.inan.gov.py\/site\/wp-content\/uploads\/2023\/09\/corazon3-768x382.jpg 768w\" sizes=\"auto, (max-width: 450px) 100vw, 450px\" \/><\/p>\n","protected":false},"excerpt":{"rendered":"<p>Conmemoraci\u00f3n del D\u00eda Mundial del Coraz\u00f3n En conmemoraci\u00f3n al D\u00eda Mundial del Coraz\u00f3n, que se celebra cada 29 de setiembre, el Ministerio de Salud P\u00fablica y Bienestar Social, a trav\u00e9s del Programa Nacional de Prevenci\u00f3n Cardiovascular realiz\u00f3 el d\u00eda de hoy mi\u00e9rcoles 27 de septiembre, una celebraci\u00f3n en el jard\u00edn central de la cartera sanitaria, &hellip; <\/p>\n<p><a class=\"more-link btn\" href=\"https:\/\/www.inan.gov.py\/site\/?p=9036\">Seguir leyendo<\/a><\/p>\n","protected":false},"author":2,"featured_media":0,"comment_status":"closed","ping_status":"closed","sticky":false,"template":"","format":"standard","meta":{"footnotes":""},"categories":[4],"tags":[],"class_list":["post-9036","post","type-post","status-publish","format-standard","hentry","category-novedades","nodate","item-wrap"],"_links":{"self":[{"href":"https:\/\/www.inan.gov.py\/site\/index.php?rest_route=\/wp\/v2\/posts\/9036","targetHints":{"allow":["GET"]}}],"collection":[{"href":"https:\/\/www.inan.gov.py\/site\/index.php?rest_route=\/wp\/v2\/posts"}],"about":[{"href":"https:\/\/www.inan.gov.py\/site\/index.php?rest_route=\/wp\/v2\/types\/post"}],"author":[{"embeddable":true,"href":"https:\/\/www.inan.gov.py\/site\/index.php?rest_route=\/wp\/v2\/users\/2"}],"replies":[{"embeddable":true,"href":"https:\/\/www.inan.gov.py\/site\/index.php?rest_route=%2Fwp%2Fv2%2Fcomments&post=9036"}],"version-history":[{"count":2,"href":"https:\/\/www.inan.gov.py\/site\/index.php?rest_route=\/wp\/v2\/posts\/9036\/revisions"}],"predecessor-version":[{"id":9041,"href":"https:\/\/www.inan.gov.py\/site\/index.php?rest_route=\/wp\/v2\/posts\/9036\/revisions\/9041"}],"wp:attachment":[{"href":"https:\/\/www.inan.gov.py\/site\/index.php?rest_route=%2Fwp%2Fv2%2Fmedia&parent=9036"}],"wp:term":[{"taxonomy":"category","embeddable":true,"href":"https:\/\/www.inan.gov.py\/site\/index.php?rest_route=%2Fwp%2Fv2%2Fcategories&post=9036"},{"taxonomy":"post_tag","embeddable":true,"href":"https:\/\/www.inan.gov.py\/site\/index.php?rest_route=%2Fwp%2Fv2%2Ftags&post=9036"}],"curies":[{"name":"wp","href":"https:\/\/api.w.org\/{rel}","templated":true}]}}