{"id":9128,"date":"2023-10-10T12:18:14","date_gmt":"2023-10-10T12:18:14","guid":{"rendered":"https:\/\/www.inan.gov.py\/site\/?p=9128"},"modified":"2024-02-29T11:31:18","modified_gmt":"2024-02-29T11:31:18","slug":"112o-aniversario-de-la-republica-de-china-taiwan","status":"publish","type":"post","link":"https:\/\/www.inan.gov.py\/site\/?p=9128","title":{"rendered":"112\u00ba Aniversario de la Rep\u00fablica de China &#8211; Taiw\u00e1n"},"content":{"rendered":"<div class=\"xdj266r x11i5rnm xat24cr x1mh8g0r x1vvkbs x126k92a\">\n<div dir=\"auto\" style=\"text-align: left;\"><strong>Fiesta Nacional de la Rep\u00fablica de China denominada \u00abDoble Diez\u00bb<\/strong><img loading=\"lazy\" decoding=\"async\" class=\"wp-image-9131 aligncenter\" src=\"https:\/\/www.inan.gov.py\/site\/wp-content\/uploads\/2023\/10\/china-2-1024x682.jpg\" alt=\"\" width=\"400\" height=\"267\" srcset=\"https:\/\/www.inan.gov.py\/site\/wp-content\/uploads\/2023\/10\/china-2-1024x682.jpg 1024w, https:\/\/www.inan.gov.py\/site\/wp-content\/uploads\/2023\/10\/china-2-300x200.jpg 300w, https:\/\/www.inan.gov.py\/site\/wp-content\/uploads\/2023\/10\/china-2-768x512.jpg 768w, https:\/\/www.inan.gov.py\/site\/wp-content\/uploads\/2023\/10\/china-2.jpg 1600w\" sizes=\"auto, (max-width: 400px) 100vw, 400px\" \/><\/div>\n<div dir=\"auto\"><\/div>\n<div dir=\"auto\" style=\"text-align: left;\">La Directora del INAN, <strong>Lic. Patricia Echeverr\u00eda<\/strong> particip\u00f3 del evento ofrecido por el <strong>Embajador de la Rep\u00fablica de China \u2013 Taiwan S.E. Jos\u00e9 Chin \u2013 Cheng Han<\/strong>, en el marco de los festejos por el <strong>112\u00b0 aniversario de fundaci\u00f3n como Rep\u00fablica.<\/strong><\/div>\n<div dir=\"auto\"><\/div>\n<\/div>\n<p><!--more--><\/p>\n<div class=\"x11i5rnm xat24cr x1mh8g0r x1vvkbs xtlvy1s x126k92a\">\n<div dir=\"auto\" style=\"text-align: center;\"><img loading=\"lazy\" decoding=\"async\" class=\"wp-image-9135 aligncenter\" src=\"https:\/\/www.inan.gov.py\/site\/wp-content\/uploads\/2023\/10\/china-5-1024x446.jpg\" alt=\"\" width=\"574\" height=\"250\" srcset=\"https:\/\/www.inan.gov.py\/site\/wp-content\/uploads\/2023\/10\/china-5-1024x446.jpg 1024w, https:\/\/www.inan.gov.py\/site\/wp-content\/uploads\/2023\/10\/china-5-300x131.jpg 300w, https:\/\/www.inan.gov.py\/site\/wp-content\/uploads\/2023\/10\/china-5-768x334.jpg 768w, https:\/\/www.inan.gov.py\/site\/wp-content\/uploads\/2023\/10\/china-5.jpg 1197w\" sizes=\"auto, (max-width: 574px) 100vw, 574px\" \/><\/div>\n<div dir=\"auto\"><\/div>\n<div dir=\"auto\" style=\"text-align: left;\">El evento tuvo lugar en el Sal\u00f3n Bicentenario de Paseo La Galer\u00eda cont\u00f3 con la presencia de importantes autoridades nacionales, as\u00ed como representantes del cuerpo diplom\u00e1tico y consular en nuestro pa\u00eds.<\/div>\n<\/div>\n","protected":false},"excerpt":{"rendered":"<p>Fiesta Nacional de la Rep\u00fablica de China denominada \u00abDoble Diez\u00bb La Directora del INAN, Lic. Patricia Echeverr\u00eda particip\u00f3 del evento ofrecido por el Embajador de la Rep\u00fablica de China \u2013 Taiwan S.E. Jos\u00e9 Chin \u2013 Cheng Han, en el marco de los festejos por el 112\u00b0 aniversario de fundaci\u00f3n como Rep\u00fablica.<\/p><p><a class=\"more-link btn\" href=\"https:\/\/www.inan.gov.py\/site\/?p=9128\">Seguir leyendo<\/a><\/p>\n","protected":false},"author":2,"featured_media":0,"comment_status":"closed","ping_status":"closed","sticky":false,"template":"","format":"standard","meta":{"footnotes":""},"categories":[4],"tags":[],"class_list":["post-9128","post","type-post","status-publish","format-standard","hentry","category-novedades","nodate","item-wrap"],"_links":{"self":[{"href":"https:\/\/www.inan.gov.py\/site\/index.php?rest_route=\/wp\/v2\/posts\/9128","targetHints":{"allow":["GET"]}}],"collection":[{"href":"https:\/\/www.inan.gov.py\/site\/index.php?rest_route=\/wp\/v2\/posts"}],"about":[{"href":"https:\/\/www.inan.gov.py\/site\/index.php?rest_route=\/wp\/v2\/types\/post"}],"author":[{"embeddable":true,"href":"https:\/\/www.inan.gov.py\/site\/index.php?rest_route=\/wp\/v2\/users\/2"}],"replies":[{"embeddable":true,"href":"https:\/\/www.inan.gov.py\/site\/index.php?rest_route=%2Fwp%2Fv2%2Fcomments&post=9128"}],"version-history":[{"count":11,"href":"https:\/\/www.inan.gov.py\/site\/index.php?rest_route=\/wp\/v2\/posts\/9128\/revisions"}],"predecessor-version":[{"id":9144,"href":"https:\/\/www.inan.gov.py\/site\/index.php?rest_route=\/wp\/v2\/posts\/9128\/revisions\/9144"}],"wp:attachment":[{"href":"https:\/\/www.inan.gov.py\/site\/index.php?rest_route=%2Fwp%2Fv2%2Fmedia&parent=9128"}],"wp:term":[{"taxonomy":"category","embeddable":true,"href":"https:\/\/www.inan.gov.py\/site\/index.php?rest_route=%2Fwp%2Fv2%2Fcategories&post=9128"},{"taxonomy":"post_tag","embeddable":true,"href":"https:\/\/www.inan.gov.py\/site\/index.php?rest_route=%2Fwp%2Fv2%2Ftags&post=9128"}],"curies":[{"name":"wp","href":"https:\/\/api.w.org\/{rel}","templated":true}]}}