{"id":9383,"date":"2023-11-08T15:09:40","date_gmt":"2023-11-08T15:09:40","guid":{"rendered":"https:\/\/www.inan.gov.py\/site\/?p=9383"},"modified":"2024-02-29T11:36:39","modified_gmt":"2024-02-29T11:36:39","slug":"inauguracion-de-la-planta-industrial-de-panificados-retail","status":"publish","type":"post","link":"https:\/\/www.inan.gov.py\/site\/?p=9383","title":{"rendered":"Inauguraci\u00f3n de la planta industrial de panificados Retail"},"content":{"rendered":"<div class=\"wp-block-image\">\r\n<figure class=\"aligncenter size-full is-resized\"><img loading=\"lazy\" decoding=\"async\" width=\"938\" height=\"683\" class=\"wp-image-9385\" style=\"width: 505px; height: auto;\" src=\"https:\/\/www.inan.gov.py\/site\/wp-content\/uploads\/2023\/11\/retail1.jpg\" alt=\"\" srcset=\"https:\/\/www.inan.gov.py\/site\/wp-content\/uploads\/2023\/11\/retail1.jpg 938w, https:\/\/www.inan.gov.py\/site\/wp-content\/uploads\/2023\/11\/retail1-300x218.jpg 300w, https:\/\/www.inan.gov.py\/site\/wp-content\/uploads\/2023\/11\/retail1-768x559.jpg 768w\" sizes=\"auto, (max-width: 938px) 100vw, 938px\" \/><\/figure>\r\n<\/div>\r\n\r\n\r\n<p>La Directora General del INAN,<strong> Lic. Patricia Echeverr\u00eda<\/strong> particip\u00f3 de la inauguraci\u00f3n de la <strong>Planta industrial de panificados Retail<\/strong>, en la ciudad de <strong>Villeta<\/strong>, el martes 31 de octubre.<\/p>\r\n\r\n\r\n\r\n<p><!--more--><\/p>\r\n\r\n\r\n<div class=\"wp-block-image\">\r\n<figure class=\"aligncenter size-full is-resized\"><img loading=\"lazy\" decoding=\"async\" width=\"834\" height=\"364\" class=\"wp-image-9386\" style=\"width: 575px; height: auto;\" src=\"https:\/\/www.inan.gov.py\/site\/wp-content\/uploads\/2023\/11\/retail2.jpg\" alt=\"\" srcset=\"https:\/\/www.inan.gov.py\/site\/wp-content\/uploads\/2023\/11\/retail2.jpg 834w, https:\/\/www.inan.gov.py\/site\/wp-content\/uploads\/2023\/11\/retail2-300x131.jpg 300w, https:\/\/www.inan.gov.py\/site\/wp-content\/uploads\/2023\/11\/retail2-768x335.jpg 768w\" sizes=\"auto, (max-width: 834px) 100vw, 834px\" \/><\/figure>\r\n<\/div>\r\n\r\n\r\n<p>Se trata de la primera planta de panificados de Latinoam\u00e9rica en contar con un horno t\u00fanel continuo el\u00e9ctrico, evitando de esta manera la utilizaci\u00f3n de sustancias combustibles para generar calor, funcionando al 100% con fuente de energ\u00eda renovable.<\/p>\r\n","protected":false},"excerpt":{"rendered":"<p>La Directora General del INAN, Lic. Patricia Echeverr\u00eda particip\u00f3 de la inauguraci\u00f3n de la Planta industrial de panificados Retail, en la ciudad de Villeta, el martes 31 de octubre.<\/p><p><a class=\"more-link btn\" href=\"https:\/\/www.inan.gov.py\/site\/?p=9383\">Seguir leyendo<\/a><\/p>\n","protected":false},"author":2,"featured_media":0,"comment_status":"closed","ping_status":"closed","sticky":false,"template":"","format":"standard","meta":{"footnotes":""},"categories":[4],"tags":[],"class_list":["post-9383","post","type-post","status-publish","format-standard","hentry","category-novedades","nodate","item-wrap"],"_links":{"self":[{"href":"https:\/\/www.inan.gov.py\/site\/index.php?rest_route=\/wp\/v2\/posts\/9383","targetHints":{"allow":["GET"]}}],"collection":[{"href":"https:\/\/www.inan.gov.py\/site\/index.php?rest_route=\/wp\/v2\/posts"}],"about":[{"href":"https:\/\/www.inan.gov.py\/site\/index.php?rest_route=\/wp\/v2\/types\/post"}],"author":[{"embeddable":true,"href":"https:\/\/www.inan.gov.py\/site\/index.php?rest_route=\/wp\/v2\/users\/2"}],"replies":[{"embeddable":true,"href":"https:\/\/www.inan.gov.py\/site\/index.php?rest_route=%2Fwp%2Fv2%2Fcomments&post=9383"}],"version-history":[{"count":5,"href":"https:\/\/www.inan.gov.py\/site\/index.php?rest_route=\/wp\/v2\/posts\/9383\/revisions"}],"predecessor-version":[{"id":10097,"href":"https:\/\/www.inan.gov.py\/site\/index.php?rest_route=\/wp\/v2\/posts\/9383\/revisions\/10097"}],"wp:attachment":[{"href":"https:\/\/www.inan.gov.py\/site\/index.php?rest_route=%2Fwp%2Fv2%2Fmedia&parent=9383"}],"wp:term":[{"taxonomy":"category","embeddable":true,"href":"https:\/\/www.inan.gov.py\/site\/index.php?rest_route=%2Fwp%2Fv2%2Fcategories&post=9383"},{"taxonomy":"post_tag","embeddable":true,"href":"https:\/\/www.inan.gov.py\/site\/index.php?rest_route=%2Fwp%2Fv2%2Ftags&post=9383"}],"curies":[{"name":"wp","href":"https:\/\/api.w.org\/{rel}","templated":true}]}}