{"id":9395,"date":"2023-11-08T15:23:13","date_gmt":"2023-11-08T15:23:13","guid":{"rendered":"https:\/\/www.inan.gov.py\/site\/?p=9395"},"modified":"2024-02-29T11:42:07","modified_gmt":"2024-02-29T11:42:07","slug":"reunion-con-representantes-de-rr-hh","status":"publish","type":"post","link":"https:\/\/www.inan.gov.py\/site\/?p=9395","title":{"rendered":"Reuni\u00f3n con representantes de RR.HH"},"content":{"rendered":"<div class=\"wp-block-image\">\r\n<figure class=\"aligncenter size-large is-resized\"><img loading=\"lazy\" decoding=\"async\" width=\"1024\" height=\"576\" class=\"wp-image-9396\" style=\"width: 498px; height: auto;\" src=\"https:\/\/www.inan.gov.py\/site\/wp-content\/uploads\/2023\/11\/banner-reunion-rr.hh_-1024x576.jpg\" alt=\"\" srcset=\"https:\/\/www.inan.gov.py\/site\/wp-content\/uploads\/2023\/11\/banner-reunion-rr.hh_-1024x576.jpg 1024w, https:\/\/www.inan.gov.py\/site\/wp-content\/uploads\/2023\/11\/banner-reunion-rr.hh_-300x169.jpg 300w, https:\/\/www.inan.gov.py\/site\/wp-content\/uploads\/2023\/11\/banner-reunion-rr.hh_-768x432.jpg 768w, https:\/\/www.inan.gov.py\/site\/wp-content\/uploads\/2023\/11\/banner-reunion-rr.hh_.jpg 1267w\" sizes=\"auto, (max-width: 1024px) 100vw, 1024px\" \/><\/figure>\r\n<\/div>\r\n\r\n\r\n<p>El pasado jueves 26 de octubre, la Directora General del INAN, <strong>Lic. Patricia Echeverr\u00eda<\/strong>, se reuni\u00f3 con Representantes de la <strong>Direcci\u00f3n de Relaciones Internacionales del Ministerio de Salud<\/strong> y <strong>Representantes del Ministerio de Relaciones Exteriores<\/strong>; con el objetivo de iniciar conversaciones sobre futuras cooperaciones internacionales de inter\u00e9s institucional que impulsen la calidad de servicio que ofrece el INAN como Instituci\u00f3n.<\/p>\r\n","protected":false},"excerpt":{"rendered":"<p>El pasado jueves 26 de octubre, la Directora General del INAN, Lic. Patricia Echeverr\u00eda, se reuni\u00f3 con Representantes de la Direcci\u00f3n de Relaciones Internacionales del Ministerio de Salud y Representantes del Ministerio de Relaciones Exteriores; con el objetivo de iniciar conversaciones sobre futuras cooperaciones internacionales de inter\u00e9s institucional que impulsen la calidad de servicio que &hellip; <\/p>\n<p><a class=\"more-link btn\" href=\"https:\/\/www.inan.gov.py\/site\/?p=9395\">Seguir leyendo<\/a><\/p>\n","protected":false},"author":2,"featured_media":0,"comment_status":"closed","ping_status":"closed","sticky":false,"template":"","format":"standard","meta":{"footnotes":""},"categories":[4],"tags":[],"class_list":["post-9395","post","type-post","status-publish","format-standard","hentry","category-novedades","nodate","item-wrap"],"_links":{"self":[{"href":"https:\/\/www.inan.gov.py\/site\/index.php?rest_route=\/wp\/v2\/posts\/9395","targetHints":{"allow":["GET"]}}],"collection":[{"href":"https:\/\/www.inan.gov.py\/site\/index.php?rest_route=\/wp\/v2\/posts"}],"about":[{"href":"https:\/\/www.inan.gov.py\/site\/index.php?rest_route=\/wp\/v2\/types\/post"}],"author":[{"embeddable":true,"href":"https:\/\/www.inan.gov.py\/site\/index.php?rest_route=\/wp\/v2\/users\/2"}],"replies":[{"embeddable":true,"href":"https:\/\/www.inan.gov.py\/site\/index.php?rest_route=%2Fwp%2Fv2%2Fcomments&post=9395"}],"version-history":[{"count":4,"href":"https:\/\/www.inan.gov.py\/site\/index.php?rest_route=\/wp\/v2\/posts\/9395\/revisions"}],"predecessor-version":[{"id":10099,"href":"https:\/\/www.inan.gov.py\/site\/index.php?rest_route=\/wp\/v2\/posts\/9395\/revisions\/10099"}],"wp:attachment":[{"href":"https:\/\/www.inan.gov.py\/site\/index.php?rest_route=%2Fwp%2Fv2%2Fmedia&parent=9395"}],"wp:term":[{"taxonomy":"category","embeddable":true,"href":"https:\/\/www.inan.gov.py\/site\/index.php?rest_route=%2Fwp%2Fv2%2Fcategories&post=9395"},{"taxonomy":"post_tag","embeddable":true,"href":"https:\/\/www.inan.gov.py\/site\/index.php?rest_route=%2Fwp%2Fv2%2Ftags&post=9395"}],"curies":[{"name":"wp","href":"https:\/\/api.w.org\/{rel}","templated":true}]}}