{"id":9404,"date":"2023-11-09T12:03:42","date_gmt":"2023-11-09T12:03:42","guid":{"rendered":"https:\/\/www.inan.gov.py\/site\/?p=9404"},"modified":"2024-02-29T11:42:18","modified_gmt":"2024-02-29T11:42:18","slug":"reunion-con-delegacion-de-empresarios-brasileros","status":"publish","type":"post","link":"https:\/\/www.inan.gov.py\/site\/?p=9404","title":{"rendered":"Reuni\u00f3n con delegaci\u00f3n de empresarios brasileros"},"content":{"rendered":"<div class=\"xdj266r x11i5rnm xat24cr x1mh8g0r x1vvkbs x126k92a\">\n<div dir=\"auto\" style=\"text-align: center;\"><strong>Delegaci\u00f3n de empresarios brasile\u00f1os del sector de alimentos del estado de Santa Catarina &#8211; Brasil, visitan el INAN<\/strong><\/div>\n<div dir=\"auto\" style=\"text-align: center;\"><img loading=\"lazy\" decoding=\"async\" class=\"alignnone wp-image-9411\" src=\"https:\/\/www.inan.gov.py\/site\/wp-content\/uploads\/2023\/11\/brasileros1.jpg\" alt=\"\" width=\"500\" height=\"258\" srcset=\"https:\/\/www.inan.gov.py\/site\/wp-content\/uploads\/2023\/11\/brasileros1.jpg 928w, https:\/\/www.inan.gov.py\/site\/wp-content\/uploads\/2023\/11\/brasileros1-300x155.jpg 300w, https:\/\/www.inan.gov.py\/site\/wp-content\/uploads\/2023\/11\/brasileros1-768x396.jpg 768w\" sizes=\"auto, (max-width: 500px) 100vw, 500px\" \/><\/div>\n<div dir=\"auto\"><\/div>\n<div dir=\"auto\">El pasado mi\u00e9rcoles 01 de noviembre el <strong>Instituto Nacional de Alimentaci\u00f3n y Nutrici\u00f3n<\/strong> recibi\u00f3 a una <strong>Delegaci\u00f3n de Empresarios del sector de alimentos del Estado de Santa Catarina &#8211; Brasil<\/strong> , acompa\u00f1ados del <strong>Secretario Ejecutivo de Articulaci\u00f3n Internacional del Gobierno de Santa Catarina , Juliano Froehner.<\/strong><\/div>\n<\/div>\n<p><!--more--><\/p>\n<div class=\"x11i5rnm xat24cr x1mh8g0r x1vvkbs xtlvy1s x126k92a\">\n<p dir=\"auto\"><img loading=\"lazy\" decoding=\"async\" class=\"aligncenter wp-image-9412\" src=\"https:\/\/www.inan.gov.py\/site\/wp-content\/uploads\/2023\/11\/brasileros2-1024x811.jpg\" alt=\"\" width=\"500\" height=\"396\" srcset=\"https:\/\/www.inan.gov.py\/site\/wp-content\/uploads\/2023\/11\/brasileros2-1024x811.jpg 1024w, https:\/\/www.inan.gov.py\/site\/wp-content\/uploads\/2023\/11\/brasileros2-300x238.jpg 300w, https:\/\/www.inan.gov.py\/site\/wp-content\/uploads\/2023\/11\/brasileros2-768x608.jpg 768w, https:\/\/www.inan.gov.py\/site\/wp-content\/uploads\/2023\/11\/brasileros2.jpg 1207w\" sizes=\"auto, (max-width: 500px) 100vw, 500px\" \/>En la oportunidad la Directora General <strong>Lic. Patricia Echeverr\u00eda<\/strong> y equipo de directores del INAN, recibieron con mucho gusto a la mencionada delegaci\u00f3n organizando una reuni\u00f3n informativa sobre las regulaciones y legislaciones aplicadas a los productos alimentarios en Paraguay, as\u00ed como los certificados y autorizaciones necesarias para el ingreso y venta de alimentos en el pa\u00eds y otros temas de inter\u00e9s para la mencionada delegaci\u00f3n.<\/p>\n<\/div>\n","protected":false},"excerpt":{"rendered":"<p>Delegaci\u00f3n de empresarios brasile\u00f1os del sector de alimentos del estado de Santa Catarina &#8211; Brasil, visitan el INAN El pasado mi\u00e9rcoles 01 de noviembre el Instituto Nacional de Alimentaci\u00f3n y Nutrici\u00f3n recibi\u00f3 a una Delegaci\u00f3n de Empresarios del sector de alimentos del Estado de Santa Catarina &#8211; Brasil , acompa\u00f1ados del Secretario Ejecutivo de Articulaci\u00f3n &hellip; <\/p>\n<p><a class=\"more-link btn\" href=\"https:\/\/www.inan.gov.py\/site\/?p=9404\">Seguir leyendo<\/a><\/p>\n","protected":false},"author":2,"featured_media":0,"comment_status":"closed","ping_status":"closed","sticky":false,"template":"","format":"standard","meta":{"footnotes":""},"categories":[4],"tags":[],"class_list":["post-9404","post","type-post","status-publish","format-standard","hentry","category-novedades","nodate","item-wrap"],"_links":{"self":[{"href":"https:\/\/www.inan.gov.py\/site\/index.php?rest_route=\/wp\/v2\/posts\/9404","targetHints":{"allow":["GET"]}}],"collection":[{"href":"https:\/\/www.inan.gov.py\/site\/index.php?rest_route=\/wp\/v2\/posts"}],"about":[{"href":"https:\/\/www.inan.gov.py\/site\/index.php?rest_route=\/wp\/v2\/types\/post"}],"author":[{"embeddable":true,"href":"https:\/\/www.inan.gov.py\/site\/index.php?rest_route=\/wp\/v2\/users\/2"}],"replies":[{"embeddable":true,"href":"https:\/\/www.inan.gov.py\/site\/index.php?rest_route=%2Fwp%2Fv2%2Fcomments&post=9404"}],"version-history":[{"count":11,"href":"https:\/\/www.inan.gov.py\/site\/index.php?rest_route=\/wp\/v2\/posts\/9404\/revisions"}],"predecessor-version":[{"id":9418,"href":"https:\/\/www.inan.gov.py\/site\/index.php?rest_route=\/wp\/v2\/posts\/9404\/revisions\/9418"}],"wp:attachment":[{"href":"https:\/\/www.inan.gov.py\/site\/index.php?rest_route=%2Fwp%2Fv2%2Fmedia&parent=9404"}],"wp:term":[{"taxonomy":"category","embeddable":true,"href":"https:\/\/www.inan.gov.py\/site\/index.php?rest_route=%2Fwp%2Fv2%2Fcategories&post=9404"},{"taxonomy":"post_tag","embeddable":true,"href":"https:\/\/www.inan.gov.py\/site\/index.php?rest_route=%2Fwp%2Fv2%2Ftags&post=9404"}],"curies":[{"name":"wp","href":"https:\/\/api.w.org\/{rel}","templated":true}]}}