{"id":9501,"date":"2023-11-14T15:03:32","date_gmt":"2023-11-14T15:03:32","guid":{"rendered":"https:\/\/www.inan.gov.py\/site\/?p=9501"},"modified":"2024-02-29T11:43:41","modified_gmt":"2024-02-29T11:43:41","slug":"visita-a-la-intendencia-de-ciudad-del-este","status":"publish","type":"post","link":"https:\/\/www.inan.gov.py\/site\/?p=9501","title":{"rendered":"Visita a la Intendencia de Ciudad del Este"},"content":{"rendered":"<p style=\"text-align: center;\"><img loading=\"lazy\" decoding=\"async\" class=\"alignnone wp-image-9502\" src=\"https:\/\/www.inan.gov.py\/site\/wp-content\/uploads\/2023\/11\/ciudaddeleste-1024x520.jpg\" alt=\"\" width=\"550\" height=\"279\" srcset=\"https:\/\/www.inan.gov.py\/site\/wp-content\/uploads\/2023\/11\/ciudaddeleste-1024x520.jpg 1024w, https:\/\/www.inan.gov.py\/site\/wp-content\/uploads\/2023\/11\/ciudaddeleste-300x152.jpg 300w, https:\/\/www.inan.gov.py\/site\/wp-content\/uploads\/2023\/11\/ciudaddeleste-768x390.jpg 768w, https:\/\/www.inan.gov.py\/site\/wp-content\/uploads\/2023\/11\/ciudaddeleste.jpg 1313w\" sizes=\"auto, (max-width: 550px) 100vw, 550px\" \/><\/p>\n<p>El pasado jueves 9 de noviembre la Directora General del INAN <strong>Lic. Patricia Echeverr\u00eda<\/strong> y su equipo t\u00e9cnico , tuvieron la oportunidad de reunirse con el <strong>Intendente de la Cuidad del Este, Lic. Miguel Prieto<\/strong>.<br \/>\nEn la ocasi\u00f3n estuvo presente por la <strong>X Regi\u00f3n Sanitaria<\/strong>, la <strong>Lic. Karina Dur\u00e9.<\/strong><br \/>\nDurante este encuentro, se llevaron a cabo conversaciones fundamentales para fortalecer los procesos de implementaci\u00f3n de <strong>Programas y Estrategias de Nutrici\u00f3n del INAN<\/strong>, por medio de los trabajos articulados con el municipio.<\/p>\n","protected":false},"excerpt":{"rendered":"<p>El pasado jueves 9 de noviembre la Directora General del INAN Lic. Patricia Echeverr\u00eda y su equipo t\u00e9cnico , tuvieron la oportunidad de reunirse con el Intendente de la Cuidad del Este, Lic. Miguel Prieto. En la ocasi\u00f3n estuvo presente por la X Regi\u00f3n Sanitaria, la Lic. Karina Dur\u00e9. Durante este encuentro, se llevaron a &hellip; <\/p>\n<p><a class=\"more-link btn\" href=\"https:\/\/www.inan.gov.py\/site\/?p=9501\">Seguir leyendo<\/a><\/p>\n","protected":false},"author":2,"featured_media":0,"comment_status":"closed","ping_status":"closed","sticky":false,"template":"","format":"standard","meta":{"footnotes":""},"categories":[4,1],"tags":[],"class_list":["post-9501","post","type-post","status-publish","format-standard","hentry","category-novedades","category-sin-categoria","nodate","item-wrap"],"_links":{"self":[{"href":"https:\/\/www.inan.gov.py\/site\/index.php?rest_route=\/wp\/v2\/posts\/9501","targetHints":{"allow":["GET"]}}],"collection":[{"href":"https:\/\/www.inan.gov.py\/site\/index.php?rest_route=\/wp\/v2\/posts"}],"about":[{"href":"https:\/\/www.inan.gov.py\/site\/index.php?rest_route=\/wp\/v2\/types\/post"}],"author":[{"embeddable":true,"href":"https:\/\/www.inan.gov.py\/site\/index.php?rest_route=\/wp\/v2\/users\/2"}],"replies":[{"embeddable":true,"href":"https:\/\/www.inan.gov.py\/site\/index.php?rest_route=%2Fwp%2Fv2%2Fcomments&post=9501"}],"version-history":[{"count":1,"href":"https:\/\/www.inan.gov.py\/site\/index.php?rest_route=\/wp\/v2\/posts\/9501\/revisions"}],"predecessor-version":[{"id":9503,"href":"https:\/\/www.inan.gov.py\/site\/index.php?rest_route=\/wp\/v2\/posts\/9501\/revisions\/9503"}],"wp:attachment":[{"href":"https:\/\/www.inan.gov.py\/site\/index.php?rest_route=%2Fwp%2Fv2%2Fmedia&parent=9501"}],"wp:term":[{"taxonomy":"category","embeddable":true,"href":"https:\/\/www.inan.gov.py\/site\/index.php?rest_route=%2Fwp%2Fv2%2Fcategories&post=9501"},{"taxonomy":"post_tag","embeddable":true,"href":"https:\/\/www.inan.gov.py\/site\/index.php?rest_route=%2Fwp%2Fv2%2Ftags&post=9501"}],"curies":[{"name":"wp","href":"https:\/\/api.w.org\/{rel}","templated":true}]}}