{"id":9661,"date":"2023-11-29T17:59:09","date_gmt":"2023-11-29T17:59:09","guid":{"rendered":"https:\/\/www.inan.gov.py\/site\/?p=9661"},"modified":"2024-02-29T11:47:28","modified_gmt":"2024-02-29T11:47:28","slug":"el-inan-destaca-su-compromiso-con-la-alimentacion-saludable-en-feria-en-conmemoracion-al-dia-mundial-de-la-alimentacion-dma-organizado-por-el-mec","status":"publish","type":"post","link":"https:\/\/www.inan.gov.py\/site\/?p=9661","title":{"rendered":"El INAN destaca su compromiso con la Alimentaci\u00f3n Saludable en Feria en conmemoraci\u00f3n al D\u00eda Mundial de la Alimentaci\u00f3n (DMA) organizado por el MEC"},"content":{"rendered":"<p><img loading=\"lazy\" decoding=\"async\" class=\"aligncenter wp-image-9667 size-full\" src=\"https:\/\/www.inan.gov.py\/site\/wp-content\/uploads\/2023\/11\/mecbanner.jpg\" alt=\"\" width=\"622\" height=\"327\" srcset=\"https:\/\/www.inan.gov.py\/site\/wp-content\/uploads\/2023\/11\/mecbanner.jpg 622w, https:\/\/www.inan.gov.py\/site\/wp-content\/uploads\/2023\/11\/mecbanner-300x158.jpg 300w\" sizes=\"auto, (max-width: 622px) 100vw, 622px\" \/><\/p>\n<p>El <strong>Instituto Nacional de Alimentaci\u00f3n y Nutrici\u00f3n (INAN)<\/strong>, a trav\u00e9s de su <strong>Direcci\u00f3n de Nutrici\u00f3n y Programas Alimentarios<\/strong>, se enorgullece en haber participado activamente en la <strong>Feria conmemorativa del D\u00eda Mundial de la Alimentaci\u00f3n (DMA)<\/strong>, organizada por el <strong>Ministerio de Educaci\u00f3n y Ciencias (MEC)<\/strong>.<br \/>\nEl evento, que tuvo lugar el pasado 21 de noviembre en la Plaza Juan E\u00b4 Oleary, fue testigo del compromiso del INAN en la promoci\u00f3n de h\u00e1bitos alimenticios saludables desde la infancia hasta la edad adulta. Durante la jornada, el instituto despleg\u00f3 un stand institucional, brindando informaci\u00f3n esencial sobre las Gu\u00edas Alimentarias del Paraguay, espec\u00edficamente dise\u00f1adas para la poblaci\u00f3n general y para ni\u00f1as y ni\u00f1os menores de 2 a\u00f1os.<!--more--><\/p>\n<p style=\"text-align: center;\"><img loading=\"lazy\" decoding=\"async\" class=\"alignnone wp-image-9665\" src=\"https:\/\/www.inan.gov.py\/site\/wp-content\/uploads\/2023\/11\/mec2.jpg\" alt=\"\" width=\"622\" height=\"242\" srcset=\"https:\/\/www.inan.gov.py\/site\/wp-content\/uploads\/2023\/11\/mec2.jpg 717w, https:\/\/www.inan.gov.py\/site\/wp-content\/uploads\/2023\/11\/mec2-300x117.jpg 300w\" sizes=\"auto, (max-width: 622px) 100vw, 622px\" \/><\/p>\n<p>La iniciativa incluy\u00f3 tambi\u00e9n una secci\u00f3n dedicada al \u00abRecreo Saludable\u00bb, con el prop\u00f3sito de fomentar actividades f\u00edsicas y recreativas que complementen una vida activa y saludable.<br \/>\nLa destacada participaci\u00f3n del INAN se tradujo en la entrega de valioso material educativo a los visitantes, principalmente alumnos y docentes, quienes demostraron un inter\u00e9s significativo en los temas presentados.<\/p>\n<p style=\"text-align: center;\"><img loading=\"lazy\" decoding=\"async\" class=\"alignnone wp-image-9666\" src=\"https:\/\/www.inan.gov.py\/site\/wp-content\/uploads\/2023\/11\/mec3.jpg\" alt=\"\" width=\"622\" height=\"342\" srcset=\"https:\/\/www.inan.gov.py\/site\/wp-content\/uploads\/2023\/11\/mec3.jpg 716w, https:\/\/www.inan.gov.py\/site\/wp-content\/uploads\/2023\/11\/mec3-300x165.jpg 300w\" sizes=\"auto, (max-width: 622px) 100vw, 622px\" \/><\/p>\n<p>La sensibilizaci\u00f3n abord\u00f3 la importancia de adoptar una alimentaci\u00f3n saludable como para prevenir enfermedades cr\u00f3nicas no transmisibles y la malnutrici\u00f3n, ya sea por d\u00e9ficit o por exceso.<br \/>\nLa presencia del INAN en esta Feria del DMA subraya su compromiso continuo en la promoci\u00f3n de la salud y la nutrici\u00f3n en la poblaci\u00f3n paraguaya.<\/p>\n<p>Para m\u00e1s informaci\u00f3n sobre las iniciativas y programas del INAN, por favor, visite el sitio Web https:\/\/www.inan.gov.py\/site\/<\/p>\n","protected":false},"excerpt":{"rendered":"<p>El Instituto Nacional de Alimentaci\u00f3n y Nutrici\u00f3n (INAN), a trav\u00e9s de su Direcci\u00f3n de Nutrici\u00f3n y Programas Alimentarios, se enorgullece en haber participado activamente en la Feria conmemorativa del D\u00eda Mundial de la Alimentaci\u00f3n (DMA), organizada por el Ministerio de Educaci\u00f3n y Ciencias (MEC). El evento, que tuvo lugar el pasado 21 de noviembre en &hellip; <\/p>\n<p><a class=\"more-link btn\" href=\"https:\/\/www.inan.gov.py\/site\/?p=9661\">Seguir leyendo<\/a><\/p>\n","protected":false},"author":2,"featured_media":0,"comment_status":"closed","ping_status":"closed","sticky":false,"template":"","format":"standard","meta":{"footnotes":""},"categories":[4],"tags":[],"class_list":["post-9661","post","type-post","status-publish","format-standard","hentry","category-novedades","nodate","item-wrap"],"_links":{"self":[{"href":"https:\/\/www.inan.gov.py\/site\/index.php?rest_route=\/wp\/v2\/posts\/9661","targetHints":{"allow":["GET"]}}],"collection":[{"href":"https:\/\/www.inan.gov.py\/site\/index.php?rest_route=\/wp\/v2\/posts"}],"about":[{"href":"https:\/\/www.inan.gov.py\/site\/index.php?rest_route=\/wp\/v2\/types\/post"}],"author":[{"embeddable":true,"href":"https:\/\/www.inan.gov.py\/site\/index.php?rest_route=\/wp\/v2\/users\/2"}],"replies":[{"embeddable":true,"href":"https:\/\/www.inan.gov.py\/site\/index.php?rest_route=%2Fwp%2Fv2%2Fcomments&post=9661"}],"version-history":[{"count":3,"href":"https:\/\/www.inan.gov.py\/site\/index.php?rest_route=\/wp\/v2\/posts\/9661\/revisions"}],"predecessor-version":[{"id":9669,"href":"https:\/\/www.inan.gov.py\/site\/index.php?rest_route=\/wp\/v2\/posts\/9661\/revisions\/9669"}],"wp:attachment":[{"href":"https:\/\/www.inan.gov.py\/site\/index.php?rest_route=%2Fwp%2Fv2%2Fmedia&parent=9661"}],"wp:term":[{"taxonomy":"category","embeddable":true,"href":"https:\/\/www.inan.gov.py\/site\/index.php?rest_route=%2Fwp%2Fv2%2Fcategories&post=9661"},{"taxonomy":"post_tag","embeddable":true,"href":"https:\/\/www.inan.gov.py\/site\/index.php?rest_route=%2Fwp%2Fv2%2Ftags&post=9661"}],"curies":[{"name":"wp","href":"https:\/\/api.w.org\/{rel}","templated":true}]}}