{"id":9953,"date":"2024-01-19T23:59:09","date_gmt":"2024-01-19T23:59:09","guid":{"rendered":"https:\/\/www.inan.gov.py\/site\/?p=9953"},"modified":"2024-03-08T16:27:31","modified_gmt":"2024-03-08T16:27:31","slug":"inan-participa-en-reunion-del-equipo-tecnico-interinstitucional-de-alimentacion-escolar","status":"publish","type":"post","link":"https:\/\/www.inan.gov.py\/site\/?p=9953","title":{"rendered":"INAN participa en Reuni\u00f3n del Equipo T\u00e9cnico Interinstitucional de Alimentaci\u00f3n Escolar"},"content":{"rendered":"<p>El d\u00eda de ayer se llev\u00f3 a cabo la primera reuni\u00f3n del <strong>Equipo T\u00e9cnico Interinstitucional de Alimentaci\u00f3n Escolar<\/strong> que tuvo como objetivo presentar la rendici\u00f3n de cuentas de los procesos gestionados por la <strong>Direcci\u00f3n de Alimentaci\u00f3n Escolar del Paraguay<\/strong> en el a\u00f1o 2023, as\u00ed como tambi\u00e9n los desaf\u00edos y pendientes sobre la gesti\u00f3n para el programa 2024, participaron por el <strong>INAN<\/strong>; la <strong>Lic. Patricia Echeverria<\/strong>, Directora General del INAN, la <strong>Lic Carolina Bonzi<\/strong>, y la <strong>Lic. Andrea Guti\u00e9rrez B\u00e1ez<\/strong> de la <strong>Direcci\u00f3n de Nutrici\u00f3n.<\/strong><br \/>\n<!--more--><\/p>\n<p style=\"text-align: center;\"><img loading=\"lazy\" decoding=\"async\" class=\"alignnone size-full wp-image-9955\" src=\"https:\/\/www.inan.gov.py\/site\/wp-content\/uploads\/2024\/01\/alimentacionescolar.jpg\" alt=\"\" width=\"720\" height=\"210\" srcset=\"https:\/\/www.inan.gov.py\/site\/wp-content\/uploads\/2024\/01\/alimentacionescolar.jpg 720w, https:\/\/www.inan.gov.py\/site\/wp-content\/uploads\/2024\/01\/alimentacionescolar-300x88.jpg 300w\" sizes=\"auto, (max-width: 720px) 100vw, 720px\" \/><\/p>\n<p>En la oportunidad se intercambiaron comentarios sobre las competencias de los involucrados de manera a elaborar la planificacion de actividades para el presente a\u00f1o 2024.<\/p>\n","protected":false},"excerpt":{"rendered":"<p>El d\u00eda de ayer se llev\u00f3 a cabo la primera reuni\u00f3n del Equipo T\u00e9cnico Interinstitucional de Alimentaci\u00f3n Escolar que tuvo como objetivo presentar la rendici\u00f3n de cuentas de los procesos gestionados por la Direcci\u00f3n de Alimentaci\u00f3n Escolar del Paraguay en el a\u00f1o 2023, as\u00ed como tambi\u00e9n los desaf\u00edos y pendientes sobre la gesti\u00f3n para el &hellip; <\/p>\n<p><a class=\"more-link btn\" href=\"https:\/\/www.inan.gov.py\/site\/?p=9953\">Seguir leyendo<\/a><\/p>\n","protected":false},"author":2,"featured_media":0,"comment_status":"closed","ping_status":"closed","sticky":false,"template":"","format":"standard","meta":{"footnotes":""},"categories":[4],"tags":[],"class_list":["post-9953","post","type-post","status-publish","format-standard","hentry","category-novedades","nodate","item-wrap"],"_links":{"self":[{"href":"https:\/\/www.inan.gov.py\/site\/index.php?rest_route=\/wp\/v2\/posts\/9953","targetHints":{"allow":["GET"]}}],"collection":[{"href":"https:\/\/www.inan.gov.py\/site\/index.php?rest_route=\/wp\/v2\/posts"}],"about":[{"href":"https:\/\/www.inan.gov.py\/site\/index.php?rest_route=\/wp\/v2\/types\/post"}],"author":[{"embeddable":true,"href":"https:\/\/www.inan.gov.py\/site\/index.php?rest_route=\/wp\/v2\/users\/2"}],"replies":[{"embeddable":true,"href":"https:\/\/www.inan.gov.py\/site\/index.php?rest_route=%2Fwp%2Fv2%2Fcomments&post=9953"}],"version-history":[{"count":2,"href":"https:\/\/www.inan.gov.py\/site\/index.php?rest_route=\/wp\/v2\/posts\/9953\/revisions"}],"predecessor-version":[{"id":9956,"href":"https:\/\/www.inan.gov.py\/site\/index.php?rest_route=\/wp\/v2\/posts\/9953\/revisions\/9956"}],"wp:attachment":[{"href":"https:\/\/www.inan.gov.py\/site\/index.php?rest_route=%2Fwp%2Fv2%2Fmedia&parent=9953"}],"wp:term":[{"taxonomy":"category","embeddable":true,"href":"https:\/\/www.inan.gov.py\/site\/index.php?rest_route=%2Fwp%2Fv2%2Fcategories&post=9953"},{"taxonomy":"post_tag","embeddable":true,"href":"https:\/\/www.inan.gov.py\/site\/index.php?rest_route=%2Fwp%2Fv2%2Ftags&post=9953"}],"curies":[{"name":"wp","href":"https:\/\/api.w.org\/{rel}","templated":true}]}}